{"id":46003,"date":"2025-08-01T10:14:46","date_gmt":"2025-08-01T07:14:46","guid":{"rendered":"https:\/\/www.egemtv.com\/?p=46003"},"modified":"2025-08-01T10:14:46","modified_gmt":"2025-08-01T07:14:46","slug":"mugla-mentesede-3-etap-yurt-projesi-devam-ediyor","status":"publish","type":"post","link":"https:\/\/www.egemtv.com\/?p=46003","title":{"rendered":"Mu\u011fla Mente\u015fe\u2019de 3. etap yurt projesi devam ediyor"},"content":{"rendered":"<p>Mu\u011fla\u2019n\u0131n merkez il\u00e7esi Mente\u015fe\u2019de gen\u00e7lere y\u00f6nelik \u00f6nemli bir yat\u0131r\u0131m daha hayata ge\u00e7iriliyor. Gen\u00e7lik ve Spor Bakanl\u0131\u011f\u0131 koordinesinde yap\u0131m\u0131 s\u00fcren 3. Etap Yurt Projesi, hem kapasitesi hem de donan\u0131m\u0131yla dikkat \u00e7ekiyor. Proje tamamland\u0131\u011f\u0131nda, modern ve konforlu ya\u015fam alanlar\u0131yla \u00fcniversite \u00f6\u011frencisine ev sahipli\u011fi yapacak.<br \/>\n<br \/>3.Etap Yurt Projesi kapsam\u0131nda sadece bar\u0131nma de\u011fil, sosyal ya\u015fam\u0131 da destekleyecek bir\u00e7ok alan yer alacak. Yurt bloklar\u0131n\u0131n yan\u0131 s\u0131ra projenin, modern ve ferah yurt binalar\u0131, tam donan\u0131ml\u0131 spor salonu, sosyal tesis alanlar\u0131, et\u00fct odalar\u0131 ve \u00e7al\u0131\u015fma salonlar\u0131, dinlenme ve etkinlik alanlar\u0131, yemekhane ve kafeterya alanlar\u0131ndan olu\u015ftu\u011fu belirtildi.<br \/>\n<br \/>Bu yeni yat\u0131r\u0131mla birlikte, Mu\u011fla S\u0131tk\u0131 Ko\u00e7man \u00dcniversitesi \u00f6\u011frencilerine daha nitelikli bar\u0131nma imkanlar\u0131 sunularak, \u015fehir d\u0131\u015f\u0131ndan gelen gen\u00e7lerin konaklama sorununa da b\u00fcy\u00fck \u00f6l\u00e7\u00fcde \u00e7\u00f6z\u00fcm getirilmi\u015f olacak.<br \/>\n<br \/>Mu\u011fla Gen\u00e7lik ve Spor \u0130l M\u00fcd\u00fcrl\u00fc\u011f\u00fc yetkilileri, yurt projelerinin yaln\u0131zca bir bar\u0131nma hizmeti sunmad\u0131\u011f\u0131n\u0131; gen\u00e7lerin akademik, sosyal ve fiziksel geli\u015fimini destekleyecek \u00e7ok y\u00f6nl\u00fc bir ya\u015fam alan\u0131 sundu\u011funu belirtti.<br \/><\/p>\n","protected":false},"excerpt":{"rendered":"<p>Mu\u011fla\u2019n\u0131n merkez il\u00e7esi Mente\u015fe\u2019de gen\u00e7lere y\u00f6nelik \u00f6nemli bir yat\u0131r\u0131m daha hayata ge\u00e7iriliyor. Gen\u00e7lik ve Spor Bakanl\u0131\u011f\u0131 koordinesinde yap\u0131m\u0131 s\u00fcren 3. Etap Yurt Projesi, hem kapasitesi hem de donan\u0131m\u0131yla dikkat \u00e7ekiyor. Proje tamamland\u0131\u011f\u0131nda, modern ve konforlu ya\u015fam alanlar\u0131yla \u00fcniversite \u00f6\u011frencisine ev sahipli\u011fi yapacak. 3.Etap Yurt Projesi kapsam\u0131nda sadece bar\u0131nma de\u011fil, sosyal ya\u015fam\u0131 da destekleyecek bir\u00e7ok alan&#8230;<\/p>\n","protected":false},"author":1,"featured_media":46004,"comment_status":"open","ping_status":"open","sticky":false,"template":"","format":"standard","meta":{"_crdt_document":"","footnotes":""},"categories":[1],"tags":[],"class_list":["post-46003","post","type-post","status-publish","format-standard","has-post-thumbnail","hentry","category-guncel"],"_links":{"self":[{"href":"https:\/\/www.egemtv.com\/index.php?rest_route=\/wp\/v2\/posts\/46003","targetHints":{"allow":["GET"]}}],"collection":[{"href":"https:\/\/www.egemtv.com\/index.php?rest_route=\/wp\/v2\/posts"}],"about":[{"href":"https:\/\/www.egemtv.com\/index.php?rest_route=\/wp\/v2\/types\/post"}],"author":[{"embeddable":true,"href":"https:\/\/www.egemtv.com\/index.php?rest_route=\/wp\/v2\/users\/1"}],"replies":[{"embeddable":true,"href":"https:\/\/www.egemtv.com\/index.php?rest_route=%2Fwp%2Fv2%2Fcomments&post=46003"}],"version-history":[{"count":1,"href":"https:\/\/www.egemtv.com\/index.php?rest_route=\/wp\/v2\/posts\/46003\/revisions"}],"predecessor-version":[{"id":46005,"href":"https:\/\/www.egemtv.com\/index.php?rest_route=\/wp\/v2\/posts\/46003\/revisions\/46005"}],"wp:featuredmedia":[{"embeddable":true,"href":"https:\/\/www.egemtv.com\/index.php?rest_route=\/wp\/v2\/media\/46004"}],"wp:attachment":[{"href":"https:\/\/www.egemtv.com\/index.php?rest_route=%2Fwp%2Fv2%2Fmedia&parent=46003"}],"wp:term":[{"taxonomy":"category","embeddable":true,"href":"https:\/\/www.egemtv.com\/index.php?rest_route=%2Fwp%2Fv2%2Fcategories&post=46003"},{"taxonomy":"post_tag","embeddable":true,"href":"https:\/\/www.egemtv.com\/index.php?rest_route=%2Fwp%2Fv2%2Ftags&post=46003"}],"curies":[{"name":"wp","href":"https:\/\/api.w.org\/{rel}","templated":true}]}}