{"id":46000,"date":"2025-08-01T09:35:58","date_gmt":"2025-08-01T06:35:58","guid":{"rendered":"https:\/\/www.egemtv.com\/?p=46000"},"modified":"2025-08-01T09:35:59","modified_gmt":"2025-08-01T06:35:59","slug":"kusadasi-guzelcamli-milli-parki-ilgiye-muhtac-kaldi","status":"publish","type":"post","link":"https:\/\/www.egemtv.com\/?p=46000","title":{"rendered":"Ku\u015fadas\u0131 G\u00fczel\u00e7aml\u0131 Milli Park\u0131 ilgiye muhta\u00e7 kald\u0131"},"content":{"rendered":"<p>T\u00fcrkiye\u2019nin en \u00f6nemli do\u011fal ya\u015fam alanlar\u0131ndan biri olan ve yaz d\u00f6neminde g\u00fcnl\u00fck 15 bin ki\u015fiye kadar ziyaret\u00e7inin a\u011f\u0131rland\u0131\u011f\u0131 Dilek Yar\u0131madas\u0131 G\u00fczel\u00e7aml\u0131 Milli Park\u0131, g\u00f6revlilerin ilgisizli\u011fi nedeniyle adeta pislik i\u00e7inde kald\u0131. Ki\u015fi ba\u015f\u0131 giri\u015f \u00fccretinin 30 TL oldu\u011fu Milli Park\u2019ta vakit ge\u00e7irmek isteyenler, kar\u015f\u0131la\u015ft\u0131klar\u0131 a\u015f\u0131r\u0131 kirlilik kar\u015f\u0131s\u0131nda yetkililere sitem etti.<br \/>\n<br \/>&#8220;Tahsilat var hizmet yok&#8221;<br \/>\n<br \/>2025 y\u0131l\u0131 i\u00e7in \u00f6\u011frenciye 30 TL, yeti\u015fkin ve bisikletlilere 60 TL, motosikletlilere 120 TL, otomobil ile giri\u015fe ise 180 TL \u00fccret uygulanan Dilek Yar\u0131madas\u0131 Milli Park\u0131\u2019na dinlenmeye gelenler adeta \u015fok ya\u015f\u0131yor. Paras\u0131n\u0131 \u00f6demelerine ra\u011fmen pek \u00e7ok ki\u015fi \u00f6nce oturup kalkaca\u011f\u0131 yerde temizlik yapmak zorunda kal\u0131yor. Masalarda ve sahilde temizlenmeyen domuz pislikleri nedeniyle pek \u00e7ok ki\u015finin fark\u0131nda olmadan vir\u00fcs kapt\u0131\u011f\u0131 Dilek Yar\u0131madas\u0131 Milli Park\u0131, \u00fccretli olmas\u0131na ra\u011fmen hi\u00e7 temizlenmemesi ziyaret\u00e7ilerin tepkisine neden oluyor.<br \/>\n<br \/>Milli Park\u2019a tan\u0131t\u0131m foto\u011fraflar\u0131n\u0131 bakarak geldiklerini ancak kar\u015f\u0131la\u015ft\u0131klar\u0131 manzara kar\u015f\u0131s\u0131nda adeta \u015fok ya\u015fad\u0131klar\u0131n\u0131 belirten vatanda\u015flardan Yunus C., &#8220;Temiz bir ortamda vakit ge\u00e7irmek \u00fcmidiyle geldik. Burada dinlenip rahat bir g\u00fcn ge\u00e7irmek isteyen insan mikrop kapar \u00f6yle gider. \u0130lgili kurum buradan yeterince para kazanmas\u0131na ra\u011fmen her taraf domuz pisli\u011fi. Kabinlerde g\u00fcnlerce al\u0131nmad\u0131\u011f\u0131 i\u00e7in her tarafa k\u00f6t\u00fc koku ve sinek yayan \u00e7ocuk bezinden kad\u0131n pedine kadar ne ararsan var. Buraya hi\u00e7bir yetkili g\u00f6rm\u00fcyor mu merak ediyoruz&#8221; diyerek Milli Park y\u00f6netimine tepki g\u00f6sterdiler.<br \/>\n<br \/>Baz\u0131 vatanda\u015flar kendi imkanlar\u0131 ile oturacaklar\u0131 masalarda temizlik yaparken imkan\u0131 olmayan ve bu konuda haz\u0131rl\u0131ks\u0131z gelenler \u00e7\u00f6plerin ve domuz pisliklerinin aras\u0131nda g\u00fcnl\u00fck tatilini yapmak zorunda kal\u0131yor.<br \/>\n<br \/>&#8220;Paras\u0131 olanlara gece giri\u015fleri de serbest&#8221;<br \/>\n<br \/>Normal vatanda\u015flar\u0131n sabah saat 08:00\u2019de giri\u015f yap\u0131p 18:30\u2019da \u00e7\u0131kar\u0131ld\u0131\u011f\u0131 Dilek Yar\u0131madas\u0131 G\u00fczel\u00e7aml\u0131 Milli Park\u0131\u2019na paras\u0131 olanlar gece saat 02:30\u2019a kadar zaman ge\u00e7irebiliyor. G\u00f6rev yapan m\u00fcd\u00fcrlerin k\u0131sa s\u00fcrede de\u011fi\u015fik soru\u015fturmalar nedeniyle g\u00f6revden al\u0131nd\u0131\u011f\u0131 G\u00fczel\u00e7aml\u0131 Milli Park\u0131\u2019nda ge\u00e7en y\u0131l orman yang\u0131n\u0131 tehlikesi nedeniyle giri\u015fler yasaklanm\u0131\u015ft\u0131.<br \/><\/p>\n","protected":false},"excerpt":{"rendered":"<p>T\u00fcrkiye\u2019nin en \u00f6nemli do\u011fal ya\u015fam alanlar\u0131ndan biri olan ve yaz d\u00f6neminde g\u00fcnl\u00fck 15 bin ki\u015fiye kadar ziyaret\u00e7inin a\u011f\u0131rland\u0131\u011f\u0131 Dilek Yar\u0131madas\u0131 G\u00fczel\u00e7aml\u0131 Milli Park\u0131, g\u00f6revlilerin ilgisizli\u011fi nedeniyle adeta pislik i\u00e7inde kald\u0131. Ki\u015fi ba\u015f\u0131 giri\u015f \u00fccretinin 30 TL oldu\u011fu Milli Park\u2019ta vakit ge\u00e7irmek isteyenler, kar\u015f\u0131la\u015ft\u0131klar\u0131 a\u015f\u0131r\u0131 kirlilik kar\u015f\u0131s\u0131nda yetkililere sitem etti. &#8220;Tahsilat var hizmet yok&#8221; 2025 y\u0131l\u0131&#8230;<\/p>\n","protected":false},"author":1,"featured_media":46001,"comment_status":"open","ping_status":"open","sticky":false,"template":"","format":"standard","meta":{"_crdt_document":"","footnotes":""},"categories":[1],"tags":[],"class_list":["post-46000","post","type-post","status-publish","format-standard","has-post-thumbnail","hentry","category-guncel"],"_links":{"self":[{"href":"https:\/\/www.egemtv.com\/index.php?rest_route=\/wp\/v2\/posts\/46000","targetHints":{"allow":["GET"]}}],"collection":[{"href":"https:\/\/www.egemtv.com\/index.php?rest_route=\/wp\/v2\/posts"}],"about":[{"href":"https:\/\/www.egemtv.com\/index.php?rest_route=\/wp\/v2\/types\/post"}],"author":[{"embeddable":true,"href":"https:\/\/www.egemtv.com\/index.php?rest_route=\/wp\/v2\/users\/1"}],"replies":[{"embeddable":true,"href":"https:\/\/www.egemtv.com\/index.php?rest_route=%2Fwp%2Fv2%2Fcomments&post=46000"}],"version-history":[{"count":1,"href":"https:\/\/www.egemtv.com\/index.php?rest_route=\/wp\/v2\/posts\/46000\/revisions"}],"predecessor-version":[{"id":46002,"href":"https:\/\/www.egemtv.com\/index.php?rest_route=\/wp\/v2\/posts\/46000\/revisions\/46002"}],"wp:featuredmedia":[{"embeddable":true,"href":"https:\/\/www.egemtv.com\/index.php?rest_route=\/wp\/v2\/media\/46001"}],"wp:attachment":[{"href":"https:\/\/www.egemtv.com\/index.php?rest_route=%2Fwp%2Fv2%2Fmedia&parent=46000"}],"wp:term":[{"taxonomy":"category","embeddable":true,"href":"https:\/\/www.egemtv.com\/index.php?rest_route=%2Fwp%2Fv2%2Fcategories&post=46000"},{"taxonomy":"post_tag","embeddable":true,"href":"https:\/\/www.egemtv.com\/index.php?rest_route=%2Fwp%2Fv2%2Ftags&post=46000"}],"curies":[{"name":"wp","href":"https:\/\/api.w.org\/{rel}","templated":true}]}}