{"id":45997,"date":"2025-08-01T09:35:57","date_gmt":"2025-08-01T06:35:57","guid":{"rendered":"https:\/\/www.egemtv.com\/?p=45997"},"modified":"2025-08-01T09:35:57","modified_gmt":"2025-08-01T06:35:57","slug":"somada-genclerin-istegi-yerine-geldi","status":"publish","type":"post","link":"https:\/\/www.egemtv.com\/?p=45997","title":{"rendered":"Soma\u2019da gen\u00e7lerin iste\u011fi yerine geldi"},"content":{"rendered":"<p>Manisa\u2019n\u0131n Soma il\u00e7esinde \u00f6\u011frencilerin uzun s\u00fcredir dile getirdi\u011fi bir talep nihayet kar\u015f\u0131l\u0131k buldu. Soma \u0130l\u00e7e Halk K\u00fct\u00fcphanesi, 1 A\u011fustos 2025 tarihinden itibaren sabah 09.00\u2019dan ak\u015fam 21.00\u2019e kadar hizmet verecek. K\u00fct\u00fcphane yaln\u0131zca Pazartesi g\u00fcnleri kapal\u0131 olacak.<br \/>\n<br \/>\u00dcniversite ve lise s\u0131navlar\u0131na haz\u0131rlanan \u00f6\u011frencilerin en yo\u011fun kulland\u0131\u011f\u0131 mekanlardan biri olan k\u00fct\u00fcphane, daha \u00f6nce 18.00\u2019de kapanmas\u0131 nedeniyle ele\u015ftiriliyordu. \u0130l\u00e7eye yeni atanan Kaymakam \u00dcnal Ko\u00e7, gen\u00e7lerin bu talebine kay\u0131ts\u0131z kalmad\u0131. G\u00f6reve ba\u015flad\u0131\u011f\u0131 andan itibaren il\u00e7e halk\u0131yla birebir temas kuran ve sorunlar\u0131 yerinde g\u00f6zlemleyen Kaymakam Ko\u00e7\u2019un talimat\u0131yla k\u00fct\u00fcphanenin \u00e7al\u0131\u015fma saatleri yeniden d\u00fczenlendi.<br \/>\n<br \/>K\u00fct\u00fcphanede ders \u00e7al\u0131\u015fan bir \u00f6\u011frenci yapt\u0131\u011f\u0131 a\u00e7\u0131klamada, &#8220;Daha \u00f6nce 18.00\u2019de kapanan k\u00fct\u00fcphane, \u00f6zellikle ak\u015fam saatlerinde ders \u00e7al\u0131\u015fmak isteyen biz \u00f6\u011frenciler i\u00e7in yetersizdi. Art\u0131k 21.00\u2019e kadar a\u00e7\u0131k olmas\u0131 b\u00fcy\u00fck bir rahatl\u0131k sa\u011flad\u0131. Kaymakam\u0131m\u0131z \u00dcnal Ko\u00e7\u2019a \u00e7ok te\u015fekk\u00fcr ederiz.&#8221; dedi.<br \/>\n<br \/>E\u011fitime verdi\u011fi destekle dikkat \u00e7eken Kaymakam Ko\u00e7\u2019un bu ad\u0131m\u0131, \u00f6\u011frenciler ve veliler taraf\u0131ndan memnuniyetle kar\u015f\u0131land\u0131.<br \/><\/p>\n","protected":false},"excerpt":{"rendered":"<p>Manisa\u2019n\u0131n Soma il\u00e7esinde \u00f6\u011frencilerin uzun s\u00fcredir dile getirdi\u011fi bir talep nihayet kar\u015f\u0131l\u0131k buldu. Soma \u0130l\u00e7e Halk K\u00fct\u00fcphanesi, 1 A\u011fustos 2025 tarihinden itibaren sabah 09.00\u2019dan ak\u015fam 21.00\u2019e kadar hizmet verecek. K\u00fct\u00fcphane yaln\u0131zca Pazartesi g\u00fcnleri kapal\u0131 olacak. \u00dcniversite ve lise s\u0131navlar\u0131na haz\u0131rlanan \u00f6\u011frencilerin en yo\u011fun kulland\u0131\u011f\u0131 mekanlardan biri olan k\u00fct\u00fcphane, daha \u00f6nce 18.00\u2019de kapanmas\u0131 nedeniyle ele\u015ftiriliyordu. \u0130l\u00e7eye&#8230;<\/p>\n","protected":false},"author":1,"featured_media":45998,"comment_status":"open","ping_status":"open","sticky":false,"template":"","format":"standard","meta":{"_crdt_document":"","footnotes":""},"categories":[1],"tags":[],"class_list":["post-45997","post","type-post","status-publish","format-standard","has-post-thumbnail","hentry","category-guncel"],"_links":{"self":[{"href":"https:\/\/www.egemtv.com\/index.php?rest_route=\/wp\/v2\/posts\/45997","targetHints":{"allow":["GET"]}}],"collection":[{"href":"https:\/\/www.egemtv.com\/index.php?rest_route=\/wp\/v2\/posts"}],"about":[{"href":"https:\/\/www.egemtv.com\/index.php?rest_route=\/wp\/v2\/types\/post"}],"author":[{"embeddable":true,"href":"https:\/\/www.egemtv.com\/index.php?rest_route=\/wp\/v2\/users\/1"}],"replies":[{"embeddable":true,"href":"https:\/\/www.egemtv.com\/index.php?rest_route=%2Fwp%2Fv2%2Fcomments&post=45997"}],"version-history":[{"count":1,"href":"https:\/\/www.egemtv.com\/index.php?rest_route=\/wp\/v2\/posts\/45997\/revisions"}],"predecessor-version":[{"id":45999,"href":"https:\/\/www.egemtv.com\/index.php?rest_route=\/wp\/v2\/posts\/45997\/revisions\/45999"}],"wp:featuredmedia":[{"embeddable":true,"href":"https:\/\/www.egemtv.com\/index.php?rest_route=\/wp\/v2\/media\/45998"}],"wp:attachment":[{"href":"https:\/\/www.egemtv.com\/index.php?rest_route=%2Fwp%2Fv2%2Fmedia&parent=45997"}],"wp:term":[{"taxonomy":"category","embeddable":true,"href":"https:\/\/www.egemtv.com\/index.php?rest_route=%2Fwp%2Fv2%2Fcategories&post=45997"},{"taxonomy":"post_tag","embeddable":true,"href":"https:\/\/www.egemtv.com\/index.php?rest_route=%2Fwp%2Fv2%2Ftags&post=45997"}],"curies":[{"name":"wp","href":"https:\/\/api.w.org\/{rel}","templated":true}]}}