{"id":45994,"date":"2025-08-01T09:35:56","date_gmt":"2025-08-01T06:35:56","guid":{"rendered":"https:\/\/www.egemtv.com\/?p=45994"},"modified":"2025-08-01T09:35:56","modified_gmt":"2025-08-01T06:35:56","slug":"manisali-genclerden-il-muduru-ozturke-tesekkur","status":"publish","type":"post","link":"https:\/\/www.egemtv.com\/?p=45994","title":{"rendered":"Manisal\u0131 gen\u00e7lerden \u0130l M\u00fcd\u00fcr\u00fc \u00d6zt\u00fcrk\u2019e te\u015fekk\u00fcr"},"content":{"rendered":"<p>Manisa Gen\u00e7lik ve Spor \u0130l M\u00fcd\u00fcrl\u00fc\u011f\u00fc taraf\u0131ndan haz\u0131rlanan yurt i\u00e7i projeler ile Gen\u00e7lik ve Spor Bakanl\u0131\u011f\u0131\u2019ndan hibe alan yurt d\u0131\u015f\u0131 projelere kat\u0131lan g\u00f6n\u00fcll\u00fc gen\u00e7ler, proje s\u00fcre\u00e7lerinin ard\u0131ndan \u0130l M\u00fcd\u00fcr\u00fc Yunus \u00d6zt\u00fcrk\u2019\u00fc ziyaret etti.<br \/>\n<br \/>Manisa Gen\u00e7lik ve Spor \u0130l M\u00fcd\u00fcrl\u00fc\u011f\u00fc\u2019ne ba\u011fl\u0131 gen\u00e7lik merkezleri haz\u0131rlad\u0131klar\u0131 ulusal ve uluslararas\u0131 projelerle dikkat \u00e7ekiyor. Ye\u015fil becerilerden k\u00fclt\u00fcrleraras\u0131 kayna\u015fmaya, k\u00fclt\u00fcrel faaliyetlerden g\u00f6n\u00fcll\u00fc\u011fe kadar bir\u00e7ok alanda haz\u0131rlanan projeler, Gen\u00e7lik ve Spor Bakanl\u0131\u011f\u0131 taraf\u0131ndan destekleniyor.<br \/>\n<br \/>Almanya, Azerbaycan, \u0130talya, Kosova ve Bosna Hersek gibi \u00fclkelerde ger\u00e7ekle\u015ftirilen uluslararas\u0131 projelere kat\u0131larak ilk kez yurt d\u0131\u015f\u0131 deneyimi ya\u015fayan Manisal\u0131 g\u00f6n\u00fcll\u00fc gen\u00e7ler, ayn\u0131 zamanda Bursa, Ankara, Antalya, Eski\u015fehir, Denizli, Mardin, Adana ve \u015eanl\u0131urfa gibi \u015fehirlerde y\u00fcr\u00fct\u00fclen yurt i\u00e7i proje faaliyetlerinde de aktif g\u00f6rev ald\u0131. Kat\u0131ld\u0131klar\u0131 projelerle hem fark\u0131ndal\u0131k kazanan gen\u00e7ler hem de yeni f\u0131rsatlar yakalad\u0131.Proje d\u00f6n\u00fc\u015f\u00fcnde Manisa Gen\u00e7lik ve Spor \u0130l M\u00fcd\u00fcr\u00fc Yunus \u00d6zt\u00fcrk ile bir araya gelen gen\u00e7ler, kendilerine sunulan bu anlaml\u0131 f\u0131rsat i\u00e7in te\u015fekk\u00fcrlerini ileterek, edindikleri deneyimlerin vizyonlar\u0131n\u0131 geni\u015fletti\u011fini ve ki\u015fisel geli\u015fimlerine b\u00fcy\u00fck katk\u0131 sa\u011flad\u0131\u011f\u0131n\u0131 ifade etti.<br \/>\n<br \/>\u0130l M\u00fcd\u00fcr\u00fc Yunus \u00d6zt\u00fcrk ise gen\u00e7lerin bu projelerde yer almas\u0131ndan duydu\u011fu memnuniyeti dile getirerek, gen\u00e7lik alan\u0131nda y\u00fcr\u00fct\u00fclen \u00e7al\u0131\u015fmalar\u0131n artarak devam edece\u011fini ve gen\u00e7lere her zaman destek olmaya devam edeceklerini belirtti.<br \/><\/p>\n","protected":false},"excerpt":{"rendered":"<p>Manisa Gen\u00e7lik ve Spor \u0130l M\u00fcd\u00fcrl\u00fc\u011f\u00fc taraf\u0131ndan haz\u0131rlanan yurt i\u00e7i projeler ile Gen\u00e7lik ve Spor Bakanl\u0131\u011f\u0131\u2019ndan hibe alan yurt d\u0131\u015f\u0131 projelere kat\u0131lan g\u00f6n\u00fcll\u00fc gen\u00e7ler, proje s\u00fcre\u00e7lerinin ard\u0131ndan \u0130l M\u00fcd\u00fcr\u00fc Yunus \u00d6zt\u00fcrk\u2019\u00fc ziyaret etti. Manisa Gen\u00e7lik ve Spor \u0130l M\u00fcd\u00fcrl\u00fc\u011f\u00fc\u2019ne ba\u011fl\u0131 gen\u00e7lik merkezleri haz\u0131rlad\u0131klar\u0131 ulusal ve uluslararas\u0131 projelerle dikkat \u00e7ekiyor. Ye\u015fil becerilerden k\u00fclt\u00fcrleraras\u0131 kayna\u015fmaya, k\u00fclt\u00fcrel faaliyetlerden&#8230;<\/p>\n","protected":false},"author":1,"featured_media":45995,"comment_status":"open","ping_status":"open","sticky":false,"template":"","format":"standard","meta":{"_crdt_document":"","footnotes":""},"categories":[1],"tags":[],"class_list":["post-45994","post","type-post","status-publish","format-standard","has-post-thumbnail","hentry","category-guncel"],"_links":{"self":[{"href":"https:\/\/www.egemtv.com\/index.php?rest_route=\/wp\/v2\/posts\/45994","targetHints":{"allow":["GET"]}}],"collection":[{"href":"https:\/\/www.egemtv.com\/index.php?rest_route=\/wp\/v2\/posts"}],"about":[{"href":"https:\/\/www.egemtv.com\/index.php?rest_route=\/wp\/v2\/types\/post"}],"author":[{"embeddable":true,"href":"https:\/\/www.egemtv.com\/index.php?rest_route=\/wp\/v2\/users\/1"}],"replies":[{"embeddable":true,"href":"https:\/\/www.egemtv.com\/index.php?rest_route=%2Fwp%2Fv2%2Fcomments&post=45994"}],"version-history":[{"count":1,"href":"https:\/\/www.egemtv.com\/index.php?rest_route=\/wp\/v2\/posts\/45994\/revisions"}],"predecessor-version":[{"id":45996,"href":"https:\/\/www.egemtv.com\/index.php?rest_route=\/wp\/v2\/posts\/45994\/revisions\/45996"}],"wp:featuredmedia":[{"embeddable":true,"href":"https:\/\/www.egemtv.com\/index.php?rest_route=\/wp\/v2\/media\/45995"}],"wp:attachment":[{"href":"https:\/\/www.egemtv.com\/index.php?rest_route=%2Fwp%2Fv2%2Fmedia&parent=45994"}],"wp:term":[{"taxonomy":"category","embeddable":true,"href":"https:\/\/www.egemtv.com\/index.php?rest_route=%2Fwp%2Fv2%2Fcategories&post=45994"},{"taxonomy":"post_tag","embeddable":true,"href":"https:\/\/www.egemtv.com\/index.php?rest_route=%2Fwp%2Fv2%2Ftags&post=45994"}],"curies":[{"name":"wp","href":"https:\/\/api.w.org\/{rel}","templated":true}]}}