{"id":45991,"date":"2025-08-01T09:35:55","date_gmt":"2025-08-01T06:35:55","guid":{"rendered":"https:\/\/www.egemtv.com\/?p=45991"},"modified":"2025-08-01T09:35:55","modified_gmt":"2025-08-01T06:35:55","slug":"sarigolde-yapimi-tamamlanan-iki-okula-yeni-araclar-gonderildi","status":"publish","type":"post","link":"https:\/\/www.egemtv.com\/?p=45991","title":{"rendered":"Sar\u0131g\u00f6l\u2019de yap\u0131m\u0131 tamamlanan iki okula yeni ara\u00e7lar g\u00f6nderildi"},"content":{"rendered":"<p>Manisa\u2019n\u0131n Sar\u0131g\u00f6l il\u00e7esinde ge\u00e7ti\u011fimiz aylarda yap\u0131m\u0131 tamamlanan \u015eehit Esin Akay Ortaokulu ve Karacaali \u0130lkokulu\u2019na bilgisayar, fotokopi makinesi ve yaz\u0131c\u0131 gibi ara\u00e7-gere\u00e7 deste\u011fi sa\u011fland\u0131.<br \/>\n<br \/>Sar\u0131g\u00f6l \u0130l\u00e7e Milli E\u011fitim M\u00fcd\u00fcr\u00fc Cezmi Y\u0131ld\u0131rak, yap\u0131lan destekten dolay\u0131 memnuniyet duyduklar\u0131n\u0131 belirterek, &#8220;Yap\u0131m\u0131 tamamlanan iki okulumuz i\u00e7in, \u00f6\u011frencilerimizin ihtiya\u00e7lar\u0131n\u0131 g\u00f6zeten devletimize minnettar\u0131z. Allah devletimize zeval vermesin.&#8221; dedi.<br \/>\n<br \/>Okullara g\u00f6nderilen yeni ara\u00e7 ve gere\u00e7ler \u00f6\u011fretmenler, \u00f6\u011frenciler ve veliler taraf\u0131ndan sevin\u00e7le kar\u015f\u0131land\u0131.<br \/><\/p>\n","protected":false},"excerpt":{"rendered":"<p>Manisa\u2019n\u0131n Sar\u0131g\u00f6l il\u00e7esinde ge\u00e7ti\u011fimiz aylarda yap\u0131m\u0131 tamamlanan \u015eehit Esin Akay Ortaokulu ve Karacaali \u0130lkokulu\u2019na bilgisayar, fotokopi makinesi ve yaz\u0131c\u0131 gibi ara\u00e7-gere\u00e7 deste\u011fi sa\u011fland\u0131. Sar\u0131g\u00f6l \u0130l\u00e7e Milli E\u011fitim M\u00fcd\u00fcr\u00fc Cezmi Y\u0131ld\u0131rak, yap\u0131lan destekten dolay\u0131 memnuniyet duyduklar\u0131n\u0131 belirterek, &#8220;Yap\u0131m\u0131 tamamlanan iki okulumuz i\u00e7in, \u00f6\u011frencilerimizin ihtiya\u00e7lar\u0131n\u0131 g\u00f6zeten devletimize minnettar\u0131z. Allah devletimize zeval vermesin.&#8221; dedi. Okullara g\u00f6nderilen yeni ara\u00e7&#8230;<\/p>\n","protected":false},"author":1,"featured_media":45992,"comment_status":"open","ping_status":"open","sticky":false,"template":"","format":"standard","meta":{"_crdt_document":"","footnotes":""},"categories":[1],"tags":[],"class_list":["post-45991","post","type-post","status-publish","format-standard","has-post-thumbnail","hentry","category-guncel"],"_links":{"self":[{"href":"https:\/\/www.egemtv.com\/index.php?rest_route=\/wp\/v2\/posts\/45991","targetHints":{"allow":["GET"]}}],"collection":[{"href":"https:\/\/www.egemtv.com\/index.php?rest_route=\/wp\/v2\/posts"}],"about":[{"href":"https:\/\/www.egemtv.com\/index.php?rest_route=\/wp\/v2\/types\/post"}],"author":[{"embeddable":true,"href":"https:\/\/www.egemtv.com\/index.php?rest_route=\/wp\/v2\/users\/1"}],"replies":[{"embeddable":true,"href":"https:\/\/www.egemtv.com\/index.php?rest_route=%2Fwp%2Fv2%2Fcomments&post=45991"}],"version-history":[{"count":1,"href":"https:\/\/www.egemtv.com\/index.php?rest_route=\/wp\/v2\/posts\/45991\/revisions"}],"predecessor-version":[{"id":45993,"href":"https:\/\/www.egemtv.com\/index.php?rest_route=\/wp\/v2\/posts\/45991\/revisions\/45993"}],"wp:featuredmedia":[{"embeddable":true,"href":"https:\/\/www.egemtv.com\/index.php?rest_route=\/wp\/v2\/media\/45992"}],"wp:attachment":[{"href":"https:\/\/www.egemtv.com\/index.php?rest_route=%2Fwp%2Fv2%2Fmedia&parent=45991"}],"wp:term":[{"taxonomy":"category","embeddable":true,"href":"https:\/\/www.egemtv.com\/index.php?rest_route=%2Fwp%2Fv2%2Fcategories&post=45991"},{"taxonomy":"post_tag","embeddable":true,"href":"https:\/\/www.egemtv.com\/index.php?rest_route=%2Fwp%2Fv2%2Ftags&post=45991"}],"curies":[{"name":"wp","href":"https:\/\/api.w.org\/{rel}","templated":true}]}}