{"id":45988,"date":"2025-08-01T09:15:32","date_gmt":"2025-08-01T06:15:32","guid":{"rendered":"https:\/\/www.egemtv.com\/?p=45988"},"modified":"2025-08-01T09:15:33","modified_gmt":"2025-08-01T06:15:33","slug":"aydina-yerlesen-yabancilarin-sayisi-1-yilda-yuzde-2-artti","status":"publish","type":"post","link":"https:\/\/www.egemtv.com\/?p=45988","title":{"rendered":"Ayd\u0131n\u2019a yerle\u015fen yabanc\u0131lar\u0131n say\u0131s\u0131 1 y\u0131lda y\u00fczde 2 artt\u0131"},"content":{"rendered":"<p>\u00d6zellikle yaz aylar\u0131nda n\u00fcfus art\u0131\u015f\u0131 ya\u015fayan Ayd\u0131n\u2019da, ikamet izni alan toplam 9 bin 948 yabanc\u0131 ya\u015farken, son 1 y\u0131lda y\u00fczde 2\u2019lik art\u0131\u015fla 198 ki\u015fi ikametini Ayd\u0131n\u2019a ald\u0131rd\u0131.<\/p>\n<p>Tarihi ve do\u011fal g\u00fczellikleri ile bir\u00e7ok vatanda\u015f\u0131n tercih sebebi olan Ayd\u0131n, yabanc\u0131 uyruklu vatanda\u015flar\u0131n da tercihleri aras\u0131nda yer al\u0131rken, son g\u00fcnlerde ikamet izni alan yabanc\u0131lar\u0131n say\u0131s\u0131nda belirgin d\u00fc\u015f\u00fc\u015f ya\u015fanmaya ba\u015flam\u0131\u015ft\u0131. Ancak son aylarda art\u0131\u015flar ya\u015fan\u0131rken, yabanc\u0131 uyruklu vatanda\u015flar Ayd\u0131n\u2019a d\u00f6n\u00fc\u015f yapmaya ba\u015flad\u0131.<\/p>\n<p>Ayd\u0131n \u0130l G\u00f6\u00e7 \u0130daresi M\u00fcd\u00fcrl\u00fc\u011f\u00fc\u2019n\u00fcn ge\u00e7ici koruma dahilinde olan yabanc\u0131lar ile d\u00fczensiz ve d\u00fczenli g\u00f6\u00e7menler hakk\u0131ndaki verileri \u00e7er\u00e7evesinde Ayd\u0131n genelinde 118 farkl\u0131 \u00fclkeden yabanc\u0131 uyruklu vatanda\u015f ikamet ediyor. 25 Temmuz 2024 verilerine g\u00f6re 9 bin 750 olan ikamet izinli yabanc\u0131lar\u0131n say\u0131s\u0131 24 Temmuz 2025 verilerine g\u00f6re 9 bin 948 oldu. Bir y\u0131l i\u00e7erisinde ikamet izni alan yabanc\u0131lar\u0131n say\u0131s\u0131nda yakla\u015f\u0131k y\u00fczde 2 oran\u0131nda art\u0131\u015f ya\u015fan\u0131rken, toplam 198 yabanc\u0131 uyruklu vatanda\u015f ikametini Ayd\u0131n\u2019a ald\u0131rd\u0131. \u00d6te yandan verilere bak\u0131ld\u0131\u011f\u0131nda T\u00fcrkiye genelinde ise 24 Temmuz 2025 verilerine g\u00f6re toplam 1 milyon 108 bin 72 ikamet izni alan yabanc\u0131 uyruklu vatanda\u015f ya\u015f\u0131yor.<\/p>\n<p>Ge\u00e7ici Koruma stat\u00fcs\u00fcnde Ayd\u0131n\u2019da ya\u015fayan Suriyelilerin say\u0131s\u0131 26 Haziran 2025 tarihinde 7 bin 639 olurken, son bir ayda say\u0131 y\u00fczde 2 oran\u0131nda azalarak 24 Temmuz 2025 tarihinde 7 bin 505 oldu. 1 milyon 165 bin 943 n\u00fcfuslu Ayd\u0131n\u2019daki Suriyelilerin n\u00fcfusa oran\u0131 ise 0,64 oldu.<br \/><\/p>\n","protected":false},"excerpt":{"rendered":"<p>\u00d6zellikle yaz aylar\u0131nda n\u00fcfus art\u0131\u015f\u0131 ya\u015fayan Ayd\u0131n\u2019da, ikamet izni alan toplam 9 bin 948 yabanc\u0131 ya\u015farken, son 1 y\u0131lda y\u00fczde 2\u2019lik art\u0131\u015fla 198 ki\u015fi ikametini Ayd\u0131n\u2019a ald\u0131rd\u0131. Tarihi ve do\u011fal g\u00fczellikleri ile bir\u00e7ok vatanda\u015f\u0131n tercih sebebi olan Ayd\u0131n, yabanc\u0131 uyruklu vatanda\u015flar\u0131n da tercihleri aras\u0131nda yer al\u0131rken, son g\u00fcnlerde ikamet izni alan yabanc\u0131lar\u0131n say\u0131s\u0131nda belirgin d\u00fc\u015f\u00fc\u015f&#8230;<\/p>\n","protected":false},"author":1,"featured_media":45989,"comment_status":"open","ping_status":"open","sticky":false,"template":"","format":"standard","meta":{"_crdt_document":"","footnotes":""},"categories":[1],"tags":[],"class_list":["post-45988","post","type-post","status-publish","format-standard","has-post-thumbnail","hentry","category-guncel"],"_links":{"self":[{"href":"https:\/\/www.egemtv.com\/index.php?rest_route=\/wp\/v2\/posts\/45988","targetHints":{"allow":["GET"]}}],"collection":[{"href":"https:\/\/www.egemtv.com\/index.php?rest_route=\/wp\/v2\/posts"}],"about":[{"href":"https:\/\/www.egemtv.com\/index.php?rest_route=\/wp\/v2\/types\/post"}],"author":[{"embeddable":true,"href":"https:\/\/www.egemtv.com\/index.php?rest_route=\/wp\/v2\/users\/1"}],"replies":[{"embeddable":true,"href":"https:\/\/www.egemtv.com\/index.php?rest_route=%2Fwp%2Fv2%2Fcomments&post=45988"}],"version-history":[{"count":1,"href":"https:\/\/www.egemtv.com\/index.php?rest_route=\/wp\/v2\/posts\/45988\/revisions"}],"predecessor-version":[{"id":45990,"href":"https:\/\/www.egemtv.com\/index.php?rest_route=\/wp\/v2\/posts\/45988\/revisions\/45990"}],"wp:featuredmedia":[{"embeddable":true,"href":"https:\/\/www.egemtv.com\/index.php?rest_route=\/wp\/v2\/media\/45989"}],"wp:attachment":[{"href":"https:\/\/www.egemtv.com\/index.php?rest_route=%2Fwp%2Fv2%2Fmedia&parent=45988"}],"wp:term":[{"taxonomy":"category","embeddable":true,"href":"https:\/\/www.egemtv.com\/index.php?rest_route=%2Fwp%2Fv2%2Fcategories&post=45988"},{"taxonomy":"post_tag","embeddable":true,"href":"https:\/\/www.egemtv.com\/index.php?rest_route=%2Fwp%2Fv2%2Ftags&post=45988"}],"curies":[{"name":"wp","href":"https:\/\/api.w.org\/{rel}","templated":true}]}}