{"id":45985,"date":"2025-07-31T23:54:54","date_gmt":"2025-07-31T20:54:54","guid":{"rendered":"https:\/\/www.egemtv.com\/?p=45985"},"modified":"2025-07-31T23:54:55","modified_gmt":"2025-07-31T20:54:55","slug":"merhum-baskan-ferdi-zeyrek-vefatinin-52-gununde-dualarla-anildi","status":"publish","type":"post","link":"https:\/\/www.egemtv.com\/?p=45985","title":{"rendered":"Merhum Ba\u015fkan Ferdi Zeyrek vefat\u0131n\u0131n 52. g\u00fcn\u00fcnde dualarla an\u0131ld\u0131"},"content":{"rendered":"<p>Ge\u00e7ti\u011fimiz Haziran ay\u0131nda hayat\u0131n\u0131 kaybeden Manisa B\u00fcy\u00fck\u015fehir Belediye Ba\u015fkan\u0131 Ferdi Zeyrek, vefat\u0131n\u0131n 52. g\u00fcn\u00fcnde B\u00fcy\u00fck\u015fehir Belediyesi taraf\u0131ndan d\u00fczenlenen programlarla an\u0131ld\u0131.<br \/>\n<br \/>Elim bir kaza sonucu ya\u015fama veda eden Ba\u015fkan Ferdi Zeyrek i\u00e7in ilk olarak \u00c7atal Mezarl\u0131\u011f\u0131\u2019ndaki kabri ba\u015f\u0131nda dualar e\u015fli\u011finde anma program\u0131 ger\u00e7ekle\u015ftirildi. Manisa B\u00fcy\u00fck\u015fehir Belediye Ba\u015fkanvekili Erdin\u00e7 Yava\u015fl\u0131, Genel Sekreter Yard\u0131mc\u0131s\u0131 Ali K\u0131l\u0131\u00e7 ile belediye b\u00fcrokratlar\u0131, kabir ziyaretinin ard\u0131ndan Zeyrek Ailesi taraf\u0131ndan d\u00fczenlenen lokma hayr\u0131na kat\u0131ld\u0131. Manisa\u2019da merhum Ba\u015fkan Zeyrek\u2019in \u00f6nc\u00fcl\u00fc\u011f\u00fcnde hayata ge\u00e7irilen Kent Lokantas\u0131 \u015fubelerinde de vatanda\u015flara \u00fccretsiz yemek ikram edildi.<br \/>\n<br \/>Anma program\u0131 kapsam\u0131nda Cumhuriyet Meydan\u0131\u2019nda yakla\u015f\u0131k 2 bin ki\u015filik hay\u0131r yeme\u011fi da\u011f\u0131t\u0131ld\u0131. Hay\u0131r yeme\u011fine, Ferdi Zeyrek\u2019in ailesinin yan\u0131 s\u0131ra CHP Manisa milletvekilleri Ahmet Vehbi Bak\u0131rl\u0131o\u011flu ve Bekir Ba\u015fevirgen, B\u00fcy\u00fck\u015fehir Belediye Ba\u015fkanvekili Erdin\u00e7 Yava\u015fl\u0131, il\u00e7e belediye ba\u015fkanlar\u0131, belediye b\u00fcrokratlar\u0131 ile Manisal\u0131lar kat\u0131ld\u0131. Cumhuriyet Meydan\u0131\u2019ndaki program\u0131n ard\u0131ndan Hatuniye Camii\u2019nde okunan mevlit ile merhum Ba\u015fkan Ferdi Zeyrek dualarla yad edildi.<br \/>\n<br \/>Manisa B\u00fcy\u00fck\u015fehir Belediye Ba\u015fkan\u0131 Besim Dutlulu, yapt\u0131\u011f\u0131 a\u00e7\u0131klamada, &#8220;Merhum Ba\u015fkan\u0131m\u0131z Ferdi Zeyrek\u2019i, vefat\u0131n\u0131n 52. g\u00fcn\u00fcnde Manisa\u2019m\u0131zda dualarla and\u0131k. Onun aziz hat\u0131ras\u0131n\u0131 ve b\u0131rakt\u0131\u011f\u0131 de\u011ferleri ya\u015fatmaya daima devam edece\u011fiz. G\u00f6n\u00fcllerde silinmez izler b\u0131rakan Ba\u015fkan\u0131m\u0131z\u0131 rahmet, sayg\u0131 ve \u00f6zlemle an\u0131yoruz&#8221; ifadelerini kulland\u0131.<br \/><\/p>\n","protected":false},"excerpt":{"rendered":"<p>Ge\u00e7ti\u011fimiz Haziran ay\u0131nda hayat\u0131n\u0131 kaybeden Manisa B\u00fcy\u00fck\u015fehir Belediye Ba\u015fkan\u0131 Ferdi Zeyrek, vefat\u0131n\u0131n 52. g\u00fcn\u00fcnde B\u00fcy\u00fck\u015fehir Belediyesi taraf\u0131ndan d\u00fczenlenen programlarla an\u0131ld\u0131. Elim bir kaza sonucu ya\u015fama veda eden Ba\u015fkan Ferdi Zeyrek i\u00e7in ilk olarak \u00c7atal Mezarl\u0131\u011f\u0131\u2019ndaki kabri ba\u015f\u0131nda dualar e\u015fli\u011finde anma program\u0131 ger\u00e7ekle\u015ftirildi. Manisa B\u00fcy\u00fck\u015fehir Belediye Ba\u015fkanvekili Erdin\u00e7 Yava\u015fl\u0131, Genel Sekreter Yard\u0131mc\u0131s\u0131 Ali K\u0131l\u0131\u00e7 ile belediye&#8230;<\/p>\n","protected":false},"author":1,"featured_media":45986,"comment_status":"open","ping_status":"open","sticky":false,"template":"","format":"standard","meta":{"_crdt_document":"","footnotes":""},"categories":[5],"tags":[],"class_list":["post-45985","post","type-post","status-publish","format-standard","has-post-thumbnail","hentry","category-asayis"],"_links":{"self":[{"href":"https:\/\/www.egemtv.com\/index.php?rest_route=\/wp\/v2\/posts\/45985","targetHints":{"allow":["GET"]}}],"collection":[{"href":"https:\/\/www.egemtv.com\/index.php?rest_route=\/wp\/v2\/posts"}],"about":[{"href":"https:\/\/www.egemtv.com\/index.php?rest_route=\/wp\/v2\/types\/post"}],"author":[{"embeddable":true,"href":"https:\/\/www.egemtv.com\/index.php?rest_route=\/wp\/v2\/users\/1"}],"replies":[{"embeddable":true,"href":"https:\/\/www.egemtv.com\/index.php?rest_route=%2Fwp%2Fv2%2Fcomments&post=45985"}],"version-history":[{"count":1,"href":"https:\/\/www.egemtv.com\/index.php?rest_route=\/wp\/v2\/posts\/45985\/revisions"}],"predecessor-version":[{"id":45987,"href":"https:\/\/www.egemtv.com\/index.php?rest_route=\/wp\/v2\/posts\/45985\/revisions\/45987"}],"wp:featuredmedia":[{"embeddable":true,"href":"https:\/\/www.egemtv.com\/index.php?rest_route=\/wp\/v2\/media\/45986"}],"wp:attachment":[{"href":"https:\/\/www.egemtv.com\/index.php?rest_route=%2Fwp%2Fv2%2Fmedia&parent=45985"}],"wp:term":[{"taxonomy":"category","embeddable":true,"href":"https:\/\/www.egemtv.com\/index.php?rest_route=%2Fwp%2Fv2%2Fcategories&post=45985"},{"taxonomy":"post_tag","embeddable":true,"href":"https:\/\/www.egemtv.com\/index.php?rest_route=%2Fwp%2Fv2%2Ftags&post=45985"}],"curies":[{"name":"wp","href":"https:\/\/api.w.org\/{rel}","templated":true}]}}