{"id":45895,"date":"2025-07-31T13:35:02","date_gmt":"2025-07-31T10:35:02","guid":{"rendered":"https:\/\/www.egemtv.com\/?p=45895"},"modified":"2025-07-31T13:35:04","modified_gmt":"2025-07-31T10:35:04","slug":"kusadasinda-vatandaslara-hobi-bahcesi-satisi-uyarisi","status":"publish","type":"post","link":"https:\/\/www.egemtv.com\/?p=45895","title":{"rendered":"Ku\u015fadas\u0131\u2019nda vatanda\u015flara hobi bah\u00e7esi sat\u0131\u015f\u0131 uyar\u0131s\u0131"},"content":{"rendered":"<p>Ku\u015fadas\u0131 Belediyesi CHP Meclis \u00dcyesi ve Ziraat M\u00fchendisi Hasan G\u00f6\u00e7men, son d\u00f6nemde artan &#8220;Hobi Bah\u00e7esi Sat\u0131\u015flar\u0131&#8221; konusunda vatanda\u015flar\u0131 uyard\u0131. G\u00f6\u00e7men, do\u011fayla i\u00e7 i\u00e7e ya\u015fam hayaliyle yola \u00e7\u0131kan pek \u00e7ok ki\u015finin, yasal olmayan ve imara ayk\u0131r\u0131 bu sat\u0131\u015flarla kand\u0131r\u0131ld\u0131\u011f\u0131n\u0131 s\u00f6yledi.<\/p>\n<p>G\u00f6\u00e7men, vatanda\u015flar\u0131n  \u00f6zellikle pandemi s\u00fcreciyle birlikte do\u011faya y\u00f6neldi\u011finin alt\u0131n\u0131 \u00e7izerek, &#8220;Maalesef insanlar\u0131m\u0131z\u0131n bu do\u011fal ihtiya\u00e7 talebi baz\u0131 kesimlerce suiistimal edildi ve hala ediliyor. \u0130nsanlar\u0131n sosyal hayattan uzakla\u015fmas\u0131, do\u011fayla ba\u015f ba\u015fa kalma arzusunu artt\u0131. Bu s\u00fcre\u00e7te &#8220;hobi bah\u00e7eleri&#8221; hem bir ka\u00e7\u0131\u015f hem yat\u0131r\u0131m arac\u0131 olarak g\u00f6r\u00fclmeye ba\u015fland\u0131. Ancak bu ilgi, baz\u0131 f\u0131rsat\u00e7\u0131lar\u0131n tar\u0131m arazilerini yasa d\u0131\u015f\u0131 \u015fekilde par\u00e7alay\u0131p satmalar\u0131yla b\u00fcy\u00fck bir rant kap\u0131s\u0131na d\u00f6n\u00fc\u015ft\u00fc. Baz\u0131 giri\u015fimciler gayrimenkul kooperatifi kurarak t\u00fczel ki\u015filik olu\u015fturuyor. Ard\u0131ndan, imar plan\u0131 d\u0131\u015f\u0131nda kalan tar\u0131m arazilerini uygun fiyata sat\u0131n al\u0131yor. Bu araziler, 250 metrekare gibi k\u00fc\u00e7\u00fck par\u00e7alara b\u00f6l\u00fcn\u00fcp, &#8220;tatil k\u00f6y\u00fc&#8221;, &#8220;eko farm&#8221;, &#8220;hobi bah\u00e7esi&#8221; gibi isimlerle fahi\u015f fiyatlara sat\u0131l\u0131yor. \u00d6rne\u011fin 10 bin metrekare bir arazi 5 milyon TL\u2019ye al\u0131n\u0131yor. Kroki \u00fczerinde 250 metrekarelik 40 par\u00e7aya ayr\u0131l\u0131yor. Her biri 1 milyon TL\u2019den &#8220;kooperatif hissesi&#8221; olarak sat\u0131l\u0131yor. B\u00f6ylece arac\u0131 firma, y\u00fczde 800\u2019e varan kar elde ediyor. Ancak burada vatanda\u015fa verilen hi\u00e7bir tapu yok&#8221; dedi.<\/p>\n<p>&#8220;Para cezalar\u0131 uygulanmaya ba\u015flad\u0131&#8221;<br \/>\n<br \/>G\u00f6\u00e7men a\u00e7\u0131klamas\u0131n\u0131n devam\u0131nda, &#8220;Tar\u0131msal araziler, 5403 say\u0131l\u0131 Toprak Koruma ve Arazi Kullan\u0131m\u0131 Kanunu\u2019na g\u00f6re belirli b\u00fcy\u00fckl\u00fcklerin alt\u0131na b\u00f6l\u00fcnemiyor. Tarla vasf\u0131nda en az 20 bin metrekare, dikili tar\u0131m arazilerinde en az 5 bin metrekare, \u00d6rt\u00fc alt\u0131 tar\u0131m alanlar\u0131nda ise en az 3 bin metrekare olmas\u0131 gerekiyor. Bu y\u00fczden 250 metrekarelik par\u00e7alara ne tapu verilebiliyor, ne de konut yap\u0131labiliyor. Araziler tek tapu halinde kooperatif ad\u0131na kal\u0131yor. Vatanda\u015f\u0131n e-Devlet\u2019te kooperatif orta\u011f\u0131 olarak g\u00f6r\u00fcnmesi, m\u00fclkiyet hakk\u0131 sa\u011flam\u0131yor. \u0130zmir, Ankara, Konya gibi bir\u00e7ok ilde bu t\u00fcr hobi bah\u00e7eleri ve ka\u00e7ak yap\u0131lar i\u00e7in y\u0131k\u0131m kararlar\u0131 ve idari para cezalar\u0131 uygulanmaya ba\u015fland\u0131. Tar\u0131m ve Orman Bakanl\u0131\u011f\u0131, Tiny House olarak bilinen tekerlekli evler i\u00e7in de cezai i\u015flemler ba\u015flatm\u0131\u015f durumda. Ku\u015fadas\u0131 Belediyesi de il\u00e7ede bu t\u00fcr izinsiz yap\u0131la\u015fmalar\u0131n \u00f6n\u00fcne ge\u00e7mek amac\u0131yla 5403 ve 3194 say\u0131l\u0131 kanunlara ayk\u0131r\u0131 uygulamalara kar\u015f\u0131 etkin tedbirler al\u0131yor&#8221; \u015feklinde konu\u015ftu.<\/p>\n<p>&#8220;Sat\u0131n almadan \u00f6nce mutlaka sorgulay\u0131n&#8221;<br \/>\n<br \/>Meclis \u00dcyesi G\u00f6\u00e7men vatanda\u015flara sonradan ma\u011fdur durumuna d\u00fc\u015fmemeleri i\u00e7in \u015fu \u00e7a\u011fr\u0131da bulundu: &#8220;Vatanda\u015flar\u0131m\u0131z, uygun fiyata arazi alma hevesiyle yasal haklar\u0131n\u0131 kaybediyor, ciddi cezalarla kar\u015f\u0131 kar\u015f\u0131ya kalabiliyor. Bu t\u00fcr aldat\u0131c\u0131 sat\u0131\u015flara kar\u015f\u0131 \u00e7evrenizi uyar\u0131n. Hobi bah\u00e7esi, eko farm, tatil k\u00f6y\u00fc ad\u0131 alt\u0131nda tar\u0131m arazisi satanlar\u0131 ya da izinsiz yap\u0131 yapanlar\u0131 Ku\u015fadas\u0131 Belediyemize veya Tar\u0131m \u0130l\u00e7e M\u00fcd\u00fcrl\u00fc\u011f\u00fc\u2019ne bildirin. Vatanda\u015flar\u0131m\u0131z, uygun fiyata arazi alma hevesiyle yasal haklar\u0131n\u0131 kaybediyor, ciddi cezalarla kar\u015f\u0131 kar\u015f\u0131ya kalabiliyor&#8221;<br \/><\/p>\n","protected":false},"excerpt":{"rendered":"<p>Ku\u015fadas\u0131 Belediyesi CHP Meclis \u00dcyesi ve Ziraat M\u00fchendisi Hasan G\u00f6\u00e7men, son d\u00f6nemde artan &#8220;Hobi Bah\u00e7esi Sat\u0131\u015flar\u0131&#8221; konusunda vatanda\u015flar\u0131 uyard\u0131. G\u00f6\u00e7men, do\u011fayla i\u00e7 i\u00e7e ya\u015fam hayaliyle yola \u00e7\u0131kan pek \u00e7ok ki\u015finin, yasal olmayan ve imara ayk\u0131r\u0131 bu sat\u0131\u015flarla kand\u0131r\u0131ld\u0131\u011f\u0131n\u0131 s\u00f6yledi. G\u00f6\u00e7men, vatanda\u015flar\u0131n \u00f6zellikle pandemi s\u00fcreciyle birlikte do\u011faya y\u00f6neldi\u011finin alt\u0131n\u0131 \u00e7izerek, &#8220;Maalesef insanlar\u0131m\u0131z\u0131n bu do\u011fal ihtiya\u00e7 talebi&#8230;<\/p>\n","protected":false},"author":1,"featured_media":45896,"comment_status":"open","ping_status":"open","sticky":false,"template":"","format":"standard","meta":{"_crdt_document":"","footnotes":""},"categories":[1],"tags":[],"class_list":["post-45895","post","type-post","status-publish","format-standard","has-post-thumbnail","hentry","category-guncel"],"_links":{"self":[{"href":"https:\/\/www.egemtv.com\/index.php?rest_route=\/wp\/v2\/posts\/45895","targetHints":{"allow":["GET"]}}],"collection":[{"href":"https:\/\/www.egemtv.com\/index.php?rest_route=\/wp\/v2\/posts"}],"about":[{"href":"https:\/\/www.egemtv.com\/index.php?rest_route=\/wp\/v2\/types\/post"}],"author":[{"embeddable":true,"href":"https:\/\/www.egemtv.com\/index.php?rest_route=\/wp\/v2\/users\/1"}],"replies":[{"embeddable":true,"href":"https:\/\/www.egemtv.com\/index.php?rest_route=%2Fwp%2Fv2%2Fcomments&post=45895"}],"version-history":[{"count":1,"href":"https:\/\/www.egemtv.com\/index.php?rest_route=\/wp\/v2\/posts\/45895\/revisions"}],"predecessor-version":[{"id":45897,"href":"https:\/\/www.egemtv.com\/index.php?rest_route=\/wp\/v2\/posts\/45895\/revisions\/45897"}],"wp:featuredmedia":[{"embeddable":true,"href":"https:\/\/www.egemtv.com\/index.php?rest_route=\/wp\/v2\/media\/45896"}],"wp:attachment":[{"href":"https:\/\/www.egemtv.com\/index.php?rest_route=%2Fwp%2Fv2%2Fmedia&parent=45895"}],"wp:term":[{"taxonomy":"category","embeddable":true,"href":"https:\/\/www.egemtv.com\/index.php?rest_route=%2Fwp%2Fv2%2Fcategories&post=45895"},{"taxonomy":"post_tag","embeddable":true,"href":"https:\/\/www.egemtv.com\/index.php?rest_route=%2Fwp%2Fv2%2Ftags&post=45895"}],"curies":[{"name":"wp","href":"https:\/\/api.w.org\/{rel}","templated":true}]}}