{"id":45889,"date":"2025-07-31T13:15:23","date_gmt":"2025-07-31T10:15:23","guid":{"rendered":"https:\/\/www.egemtv.com\/?p=45889"},"modified":"2025-07-31T13:15:23","modified_gmt":"2025-07-31T10:15:23","slug":"cin-baskonsolosundan-manisa-tsoya-ziyaret","status":"publish","type":"post","link":"https:\/\/www.egemtv.com\/?p=45889","title":{"rendered":"\u00c7in Ba\u015fkonsolosundan Manisa TSO\u2019ya ziyaret"},"content":{"rendered":"<p>\u00c7in Halk Cumhuriyeti \u0130stanbul Ba\u015fkonsolosu Wei Xiaodong ve beraberindeki heyet, Manisa Ticaret ve Sanayi Odas\u0131\u2019n\u0131 (Manisa TSO) ziyaret etti. Ziyaret kapsam\u0131nda iki \u00fclke aras\u0131ndaki ekonomik ve ticari i\u015f birli\u011finin geli\u015ftirilmesi y\u00f6n\u00fcnde g\u00f6r\u00fc\u015f al\u0131\u015fveri\u015finde bulunuldu.<br \/>\n<br \/>\u00c7in Halk Cumhuriyeti \u0130stanbul Ba\u015fkonsolosu Wei Xiaodong ve beraberindeki heyeti, Manisa TSO Y\u00f6netim Kurulu Ba\u015fkan\u0131 Mehmet Y\u0131lmaz, Meclis \u00dcyesi Yahya Caymaz, Genel Sekreter Filiz Kavakl\u0131, TOBB Manisa \u0130li Oda ve Borsalar Akademik Dan\u0131\u015fman\u0131 Prof. Dr. Mahmut Kar\u011f\u0131n ve Proje ve \u0130\u015f Geli\u015ftirme Koordinat\u00f6r\u00fc Mehmet Can \u00c7akar kar\u015f\u0131lad\u0131.<br \/>\n<br \/>Ziyarette, Manisa\u2019n\u0131n ekonomik potansiyeli, sanayi ve tar\u0131m yap\u0131s\u0131, d\u0131\u015f ticaret hacmi hakk\u0131nda bilgilendirme yap\u0131l\u0131rken; \u00c7in ile Manisa aras\u0131nda yat\u0131r\u0131m, sanayi ve ticaret alanlar\u0131nda yeni i\u015f birlikleri geli\u015ftirme konular\u0131 masaya yat\u0131r\u0131ld\u0131. \u00d6zellikle Manisa\u2019daki organize sanayi b\u00f6lgeleri ve \u00c7inli yat\u0131r\u0131mc\u0131lar i\u00e7in sunulan f\u0131rsatlar hakk\u0131nda detayl\u0131 bilgiler aktar\u0131ld\u0131.<br \/>\n<br \/>Manisa TSO Ba\u015fkan\u0131 Mehmet Y\u0131lmaz yapt\u0131\u011f\u0131 konu\u015fmada, &#8220;Manisa, T\u00fcrkiye\u2019nin en g\u00fc\u00e7l\u00fc sanayi \u015fehirlerinden biridir. \u00c7in ile kar\u015f\u0131l\u0131kl\u0131 ticaretimizi ve yat\u0131r\u0131m ili\u015fkilerimizi art\u0131rmak istiyoruz. Bu ziyaretin iki \u00fclke i\u015f d\u00fcnyas\u0131 aras\u0131nda k\u00f6pr\u00fc olmas\u0131n\u0131 temenni ediyoruz.&#8221; ifadelerini kulland\u0131.<br \/>\n<br \/>Ba\u015fkonsolos Wei Xiaodong ise Manisa\u2019n\u0131n dinamik sanayi ve tar\u0131m yap\u0131s\u0131ndan, yat\u0131r\u0131m ortam\u0131ndan duydu\u011fu memnuniyeti dile getirdi.<br \/>\n<br \/>Ziyaret, kar\u015f\u0131l\u0131kl\u0131 iyi niyet temennileri ve hat\u0131ra foto\u011fraf\u0131 \u00e7ekiminin ard\u0131ndan sona erdi.<br \/><\/p>\n","protected":false},"excerpt":{"rendered":"<p>\u00c7in Halk Cumhuriyeti \u0130stanbul Ba\u015fkonsolosu Wei Xiaodong ve beraberindeki heyet, Manisa Ticaret ve Sanayi Odas\u0131\u2019n\u0131 (Manisa TSO) ziyaret etti. Ziyaret kapsam\u0131nda iki \u00fclke aras\u0131ndaki ekonomik ve ticari i\u015f birli\u011finin geli\u015ftirilmesi y\u00f6n\u00fcnde g\u00f6r\u00fc\u015f al\u0131\u015fveri\u015finde bulunuldu. \u00c7in Halk Cumhuriyeti \u0130stanbul Ba\u015fkonsolosu Wei Xiaodong ve beraberindeki heyeti, Manisa TSO Y\u00f6netim Kurulu Ba\u015fkan\u0131 Mehmet Y\u0131lmaz, Meclis \u00dcyesi Yahya Caymaz,&#8230;<\/p>\n","protected":false},"author":1,"featured_media":45890,"comment_status":"open","ping_status":"open","sticky":false,"template":"","format":"standard","meta":{"_crdt_document":"","footnotes":""},"categories":[125],"tags":[],"class_list":["post-45889","post","type-post","status-publish","format-standard","has-post-thumbnail","hentry","category-ekonomi"],"_links":{"self":[{"href":"https:\/\/www.egemtv.com\/index.php?rest_route=\/wp\/v2\/posts\/45889","targetHints":{"allow":["GET"]}}],"collection":[{"href":"https:\/\/www.egemtv.com\/index.php?rest_route=\/wp\/v2\/posts"}],"about":[{"href":"https:\/\/www.egemtv.com\/index.php?rest_route=\/wp\/v2\/types\/post"}],"author":[{"embeddable":true,"href":"https:\/\/www.egemtv.com\/index.php?rest_route=\/wp\/v2\/users\/1"}],"replies":[{"embeddable":true,"href":"https:\/\/www.egemtv.com\/index.php?rest_route=%2Fwp%2Fv2%2Fcomments&post=45889"}],"version-history":[{"count":1,"href":"https:\/\/www.egemtv.com\/index.php?rest_route=\/wp\/v2\/posts\/45889\/revisions"}],"predecessor-version":[{"id":45891,"href":"https:\/\/www.egemtv.com\/index.php?rest_route=\/wp\/v2\/posts\/45889\/revisions\/45891"}],"wp:featuredmedia":[{"embeddable":true,"href":"https:\/\/www.egemtv.com\/index.php?rest_route=\/wp\/v2\/media\/45890"}],"wp:attachment":[{"href":"https:\/\/www.egemtv.com\/index.php?rest_route=%2Fwp%2Fv2%2Fmedia&parent=45889"}],"wp:term":[{"taxonomy":"category","embeddable":true,"href":"https:\/\/www.egemtv.com\/index.php?rest_route=%2Fwp%2Fv2%2Fcategories&post=45889"},{"taxonomy":"post_tag","embeddable":true,"href":"https:\/\/www.egemtv.com\/index.php?rest_route=%2Fwp%2Fv2%2Ftags&post=45889"}],"curies":[{"name":"wp","href":"https:\/\/api.w.org\/{rel}","templated":true}]}}