{"id":45880,"date":"2025-07-31T12:54:39","date_gmt":"2025-07-31T09:54:39","guid":{"rendered":"https:\/\/www.egemtv.com\/?p=45880"},"modified":"2025-07-31T12:54:40","modified_gmt":"2025-07-31T09:54:40","slug":"gokturk-bebek-kendisine-uzanacak-yardim-elini-bekliyor","status":"publish","type":"post","link":"https:\/\/www.egemtv.com\/?p=45880","title":{"rendered":"G\u00f6kt\u00fcrk bebek kendisine uzanacak yard\u0131m elini bekliyor"},"content":{"rendered":"<p>Denizli\u2019de kas hastal\u0131\u011f\u0131 te\u015fhisi konulan 2,5 ya\u015f\u0131ndaki G\u00f6kt\u00fcrk \u0130lgin\u2019in ailesi, yurt d\u0131\u015f\u0131nda yap\u0131lacak olan gen tedavisi i\u00e7in hay\u0131rseverlerden yard\u0131m eli bekliyor.<\/p>\n<p>Denizli\u2019de ya\u015fayan \u0130lg\u00fcn ailesi, k\u00fc\u00e7\u00fck o\u011fullar\u0131 G\u00f6kt\u00fcrk\u2019\u00fcn hayatta kalabilmesi i\u00e7in zamana kar\u015f\u0131 yar\u0131\u015f\u0131yor. Hen\u00fcz 2,5 ya\u015f\u0131nda olan G\u00f6kt\u00fcrk, \u00f6l\u00fcmc\u00fcl kas hastal\u0131\u011f\u0131 ile m\u00fccadele ediyor. Kaslar\u0131 her ge\u00e7en g\u00fcn zay\u0131flayan minik \u00e7ocuk, Birle\u015fik Arap Emirlikleri\u2019ne ba\u011fl\u0131 Dubai\u2019de yap\u0131lacak olan tedavi i\u00e7in Valilik onayl\u0131 kampanya ba\u015flatt\u0131.<\/p>\n<p>10 Mart 2023\u2019te Denizli\u2019de d\u00fcnyaya gelen G\u00f6kt\u00fcrk, do\u011fumdan sonra karaci\u011fer enzimlerindeki y\u00fckseklik nedeniyle 15 g\u00fcn yo\u011fun bak\u0131mda kald\u0131. \u0130lg\u00fcn ailesi, o\u011fullar\u0131n\u0131n geli\u015fiminde baz\u0131 farkl\u0131l\u0131klar fark edince doktorlara ba\u015fvurdu ve 8 ayl\u0131kken G\u00f6kt\u00fcrk\u2019\u00fcn kaslar\u0131n\u0131 her ge\u00e7en g\u00fcn eriten genetik bir kas hastal\u0131\u011f\u0131 tan\u0131s\u0131 konuldu. G\u00f6kt\u00fcrk\u2019\u00fcn annesi G\u00fcls\u00fcm \u0130lg\u00fcn, okul \u00f6ncesi \u00f6\u011fretmeni olmas\u0131na ra\u011fmen \u00e7ocuklar\u0131yla ilgilenebilmek i\u00e7in \u00e7al\u0131\u015famad\u0131\u011f\u0131n\u0131 ayn\u0131 zamanda baba Mehmet \u0130lg\u00fcn ise in\u015faat i\u015f\u00e7isi olarak ailesini ge\u00e7indirmeye \u00e7al\u0131\u015ft\u0131\u011f\u0131n\u0131 belirtti. T\u00fcm aile, minik G\u00f6kt\u00fcrk\u2019\u00fcn ya\u015famas\u0131 i\u00e7in kenetlenmi\u015f durumda oldu\u011funu belirtti.<\/p>\n<p>Hastal\u0131\u011f\u0131n ard\u0131ndan \u00e7ocu\u011fun sa\u011fl\u0131\u011f\u0131n\u0131 kavu\u015fmas\u0131 i\u00e7in gece g\u00fcnd\u00fcz ko\u015fturdu\u011funu ifade eden Mehmet \u0130lgin, &#8220;Bu hastal\u0131k, zamanla y\u00fcr\u00fcme, oturma, konu\u015fma ve nefes alma gibi temel yetileri yok eden, ilerleyici ve \u00f6l\u00fcmc\u00fcl bir kas hastal\u0131\u011f\u0131. Ancak umut var. Yurt d\u0131\u015f\u0131nda uygulanan gen tedavisiyle hastal\u0131\u011f\u0131n ilerleyi\u015fi durdurulabiliyor. Bu tedaviye ne kadar erken ba\u015flan\u0131rsa, G\u00f6kt\u00fcrk\u2019\u00fcn ya\u015fam kalitesi ve s\u00fcresi o kadar art\u0131yor. Fakat bu tedavi i\u00e7in gereken mebla\u011f, tam 2,9 milyon dolar&#8221; dedi.<\/p>\n<p>&#8220;G\u00f6kt\u00fcrk i\u00e7in umut ol, bir nefes, bir ad\u0131m, bir ya\u015fam ver&#8221;<br \/>\n<br \/>Her bir ki\u015finin yapaca\u011f\u0131 k\u00fc\u00e7\u00fck bir katk\u0131n\u0131n \u00f6nemli oldu\u011funu vurgulayan baba Mehmet \u0130lgin, &#8220;Valilik onayl\u0131 ba\u011f\u0131\u015f kampanyalar\u0131 1 ay \u00f6nce ba\u015flat\u0131ld\u0131. Ancak \u015fimdiye dek yaln\u0131zca %1\u2019lik bir k\u0131sm\u0131 toplanabildi. Oysa G\u00f6kt\u00fcrk\u2019\u00fcn zamana ihtiyac\u0131 yok, onun acil deste\u011fe ihtiyac\u0131 var. Her bir ki\u015finin yapaca\u011f\u0131 k\u00fc\u00e7\u00fck bir katk\u0131, G\u00f6kt\u00fcrk\u2019\u00fcn hayata tutunmas\u0131n\u0131 sa\u011flayabilir. Belki bir g\u00fcn okula gitmesini, ko\u015fmas\u0131n\u0131, g\u00fclerek karde\u015fleriyle oyun oynamas\u0131n\u0131 izleyebiliriz. Ama \u00f6nce birlikte el ele vermemiz gerekiyor. G\u00f6kt\u00fcrk i\u00e7in umut ol, bir nefes, bir ad\u0131m, bir ya\u015fam ver&#8221; diye konu\u015ftu.<br \/><\/p>\n","protected":false},"excerpt":{"rendered":"<p>Denizli\u2019de kas hastal\u0131\u011f\u0131 te\u015fhisi konulan 2,5 ya\u015f\u0131ndaki G\u00f6kt\u00fcrk \u0130lgin\u2019in ailesi, yurt d\u0131\u015f\u0131nda yap\u0131lacak olan gen tedavisi i\u00e7in hay\u0131rseverlerden yard\u0131m eli bekliyor. Denizli\u2019de ya\u015fayan \u0130lg\u00fcn ailesi, k\u00fc\u00e7\u00fck o\u011fullar\u0131 G\u00f6kt\u00fcrk\u2019\u00fcn hayatta kalabilmesi i\u00e7in zamana kar\u015f\u0131 yar\u0131\u015f\u0131yor. Hen\u00fcz 2,5 ya\u015f\u0131nda olan G\u00f6kt\u00fcrk, \u00f6l\u00fcmc\u00fcl kas hastal\u0131\u011f\u0131 ile m\u00fccadele ediyor. Kaslar\u0131 her ge\u00e7en g\u00fcn zay\u0131flayan minik \u00e7ocuk, Birle\u015fik Arap Emirlikleri\u2019ne&#8230;<\/p>\n","protected":false},"author":1,"featured_media":45881,"comment_status":"open","ping_status":"open","sticky":false,"template":"","format":"standard","meta":{"_crdt_document":"","footnotes":""},"categories":[2],"tags":[],"class_list":["post-45880","post","type-post","status-publish","format-standard","has-post-thumbnail","hentry","category-saglik"],"_links":{"self":[{"href":"https:\/\/www.egemtv.com\/index.php?rest_route=\/wp\/v2\/posts\/45880","targetHints":{"allow":["GET"]}}],"collection":[{"href":"https:\/\/www.egemtv.com\/index.php?rest_route=\/wp\/v2\/posts"}],"about":[{"href":"https:\/\/www.egemtv.com\/index.php?rest_route=\/wp\/v2\/types\/post"}],"author":[{"embeddable":true,"href":"https:\/\/www.egemtv.com\/index.php?rest_route=\/wp\/v2\/users\/1"}],"replies":[{"embeddable":true,"href":"https:\/\/www.egemtv.com\/index.php?rest_route=%2Fwp%2Fv2%2Fcomments&post=45880"}],"version-history":[{"count":1,"href":"https:\/\/www.egemtv.com\/index.php?rest_route=\/wp\/v2\/posts\/45880\/revisions"}],"predecessor-version":[{"id":45882,"href":"https:\/\/www.egemtv.com\/index.php?rest_route=\/wp\/v2\/posts\/45880\/revisions\/45882"}],"wp:featuredmedia":[{"embeddable":true,"href":"https:\/\/www.egemtv.com\/index.php?rest_route=\/wp\/v2\/media\/45881"}],"wp:attachment":[{"href":"https:\/\/www.egemtv.com\/index.php?rest_route=%2Fwp%2Fv2%2Fmedia&parent=45880"}],"wp:term":[{"taxonomy":"category","embeddable":true,"href":"https:\/\/www.egemtv.com\/index.php?rest_route=%2Fwp%2Fv2%2Fcategories&post=45880"},{"taxonomy":"post_tag","embeddable":true,"href":"https:\/\/www.egemtv.com\/index.php?rest_route=%2Fwp%2Fv2%2Ftags&post=45880"}],"curies":[{"name":"wp","href":"https:\/\/api.w.org\/{rel}","templated":true}]}}