{"id":45874,"date":"2025-07-31T12:35:52","date_gmt":"2025-07-31T09:35:52","guid":{"rendered":"https:\/\/www.egemtv.com\/?p=45874"},"modified":"2025-07-31T12:35:52","modified_gmt":"2025-07-31T09:35:52","slug":"baskan-cercioglundan-30-agustos-temali-resim-siir-ve-kompozisyon-yarismasi","status":"publish","type":"post","link":"https:\/\/www.egemtv.com\/?p=45874","title":{"rendered":"Ba\u015fkan \u00c7er\u00e7io\u011flu\u2019ndan 30 A\u011fustos temal\u0131 resim, \u015fiir ve kompozisyon yar\u0131\u015fmas\u0131"},"content":{"rendered":"<p>Ayd\u0131n B\u00fcy\u00fck\u015fehir Belediyesi, 30 A\u011fustos Zafer Bayram\u0131 nedeniyle \u2018Zafer Bayram\u0131\u2019 temal\u0131 \u00f6d\u00fcll\u00fc resim, \u015fiir ve kompozisyon yar\u0131\u015fmas\u0131 d\u00fczenleyecek.<\/p>\n<p>Her y\u0131l oldu\u011fu gibi bu y\u0131l da gen\u00e7lerin sosyal ve sanatsal geli\u015fimine katk\u0131 sunan projelere imza atan Ba\u015fkan \u00c7er\u00e7io\u011flu, yar\u0131\u015fma ile Ayd\u0131nl\u0131 \u00f6\u011frencileri yeteneklerini sergilemeye \u00e7a\u011f\u0131rd\u0131. Yar\u0131\u015fmaya; resim kategorisinde anaokulu ve ilkokul, kompozisyon kategorisinde ortaokul, \u015fiir kategorisinde ise lise \u00f6\u011frencileri kat\u0131labilecek.<\/p>\n<p>Eserlerin son teslim tarihi 25 A\u011fustos Pazartesi g\u00fcn\u00fc mesai bitimi olarak belirlenirken, ba\u015fvurular elden ya da kargoyla Vali Yaz\u0131c\u0131o\u011flu K\u00fclt\u00fcr Merkezi\u2019ne yap\u0131labilecek. Yar\u0131\u015fman\u0131n sonu\u00e7lar\u0131 ise 29 A\u011fustos\u2019ta Ayd\u0131n B\u00fcy\u00fck\u015fehir Belediyesi\u2019nin www.ayd\u0131n.bel.tr adresinden a\u00e7\u0131klanacak.<\/p>\n<p>Ba\u015fkan \u00c7er\u00e7io\u011flu, t\u00fcm gen\u00e7leri yar\u0131\u015fmaya kat\u0131larak 30 A\u011fustos Zafer Bayram\u0131 co\u015fkusunu ya\u015famaya davet etti.<br \/><\/p>\n","protected":false},"excerpt":{"rendered":"<p>Ayd\u0131n B\u00fcy\u00fck\u015fehir Belediyesi, 30 A\u011fustos Zafer Bayram\u0131 nedeniyle \u2018Zafer Bayram\u0131\u2019 temal\u0131 \u00f6d\u00fcll\u00fc resim, \u015fiir ve kompozisyon yar\u0131\u015fmas\u0131 d\u00fczenleyecek. Her y\u0131l oldu\u011fu gibi bu y\u0131l da gen\u00e7lerin sosyal ve sanatsal geli\u015fimine katk\u0131 sunan projelere imza atan Ba\u015fkan \u00c7er\u00e7io\u011flu, yar\u0131\u015fma ile Ayd\u0131nl\u0131 \u00f6\u011frencileri yeteneklerini sergilemeye \u00e7a\u011f\u0131rd\u0131. Yar\u0131\u015fmaya; resim kategorisinde anaokulu ve ilkokul, kompozisyon kategorisinde ortaokul, \u015fiir kategorisinde&#8230;<\/p>\n","protected":false},"author":1,"featured_media":45875,"comment_status":"open","ping_status":"open","sticky":false,"template":"","format":"standard","meta":{"_crdt_document":"","footnotes":""},"categories":[1],"tags":[],"class_list":["post-45874","post","type-post","status-publish","format-standard","has-post-thumbnail","hentry","category-guncel"],"_links":{"self":[{"href":"https:\/\/www.egemtv.com\/index.php?rest_route=\/wp\/v2\/posts\/45874","targetHints":{"allow":["GET"]}}],"collection":[{"href":"https:\/\/www.egemtv.com\/index.php?rest_route=\/wp\/v2\/posts"}],"about":[{"href":"https:\/\/www.egemtv.com\/index.php?rest_route=\/wp\/v2\/types\/post"}],"author":[{"embeddable":true,"href":"https:\/\/www.egemtv.com\/index.php?rest_route=\/wp\/v2\/users\/1"}],"replies":[{"embeddable":true,"href":"https:\/\/www.egemtv.com\/index.php?rest_route=%2Fwp%2Fv2%2Fcomments&post=45874"}],"version-history":[{"count":1,"href":"https:\/\/www.egemtv.com\/index.php?rest_route=\/wp\/v2\/posts\/45874\/revisions"}],"predecessor-version":[{"id":45876,"href":"https:\/\/www.egemtv.com\/index.php?rest_route=\/wp\/v2\/posts\/45874\/revisions\/45876"}],"wp:featuredmedia":[{"embeddable":true,"href":"https:\/\/www.egemtv.com\/index.php?rest_route=\/wp\/v2\/media\/45875"}],"wp:attachment":[{"href":"https:\/\/www.egemtv.com\/index.php?rest_route=%2Fwp%2Fv2%2Fmedia&parent=45874"}],"wp:term":[{"taxonomy":"category","embeddable":true,"href":"https:\/\/www.egemtv.com\/index.php?rest_route=%2Fwp%2Fv2%2Fcategories&post=45874"},{"taxonomy":"post_tag","embeddable":true,"href":"https:\/\/www.egemtv.com\/index.php?rest_route=%2Fwp%2Fv2%2Ftags&post=45874"}],"curies":[{"name":"wp","href":"https:\/\/api.w.org\/{rel}","templated":true}]}}