{"id":45871,"date":"2025-07-31T12:35:50","date_gmt":"2025-07-31T09:35:50","guid":{"rendered":"https:\/\/www.egemtv.com\/?p=45871"},"modified":"2025-07-31T12:35:51","modified_gmt":"2025-07-31T09:35:51","slug":"otizmli-bireylerin-ailelerine-verilecek-psikolojik-destekler-gorusuldu","status":"publish","type":"post","link":"https:\/\/www.egemtv.com\/?p=45871","title":{"rendered":"Otizmli bireylerin ailelerine verilecek psikolojik destekler g\u00f6r\u00fc\u015f\u00fcld\u00fc"},"content":{"rendered":"<p>Ulusal Otizm Konfederasyonu Genel Ba\u015fkan\u0131 Fatma Kilci Kavas, Afyonkarahisar Sa\u011fl\u0131k Bilimleri \u00dcniversitesi Rekt\u00f6r Yard\u0131mc\u0131s\u0131 Prof. Dr. Adem Aslan\u2019\u0131 makam\u0131nda ziyaret etti. Ziyarette, otizmli bireylerin e\u011fitimi, \u00f6fke kontrol\u00fc ve m\u00fcdahale y\u00f6ntemleri, ailelere y\u00f6nelik destek \u00e7al\u0131\u015fmalar\u0131 ve \u00fcniversite-konfederasyon i\u015f birli\u011finde y\u00fcr\u00fct\u00fclebilecek projeler masaya yat\u0131r\u0131ld\u0131.<br \/>\n<br \/>Prof. Dr. Adem Aslan, otizmli \u00e7ocuklar\u0131n toplumsal ya\u015famda daha g\u00fc\u00e7l\u00fc bir \u015fekilde yer alabilmesi i\u00e7in bilimsel temelli \u00e7al\u0131\u015fmalara \u00f6nem verdiklerini belirterek, &#8220;Otizmli bireyler ve ailelerinin hayat\u0131n\u0131 kolayla\u015ft\u0131racak her t\u00fcrl\u00fc \u00e7al\u0131\u015fmaya \u00fcniversite olarak destek vermeye haz\u0131r\u0131z&#8221; dedi.<br \/>\n<br \/>Ziyaret sonras\u0131 konu\u015fan Ulusal Otizm Konfederasyonu Genel Ba\u015fkan\u0131 Fatma Kilci Kavas ise, &#8220;Hocam\u0131z\u0131n otizme olan hassas yakla\u015f\u0131m\u0131, \u00f6zel \u00e7ocuklar\u0131m\u0131za g\u00f6sterdi\u011fi yak\u0131n ilgi ve deste\u011fi bizim i\u00e7in \u00e7ok k\u0131ymetli. Bu i\u015f birli\u011finin, otizmli bireyler i\u00e7in fark\u0131ndal\u0131\u011f\u0131 art\u0131ran ve somut \u00e7\u00f6z\u00fcmler \u00fcreten projelere d\u00f6n\u00fc\u015fmesini temenni ediyoruz&#8221; ifadelerini kulland\u0131.<br \/>\n<br \/>G\u00f6r\u00fc\u015fmenin, otizm alan\u0131ndaki bilimsel \u00e7al\u0131\u015fmalar\u0131n g\u00fc\u00e7lendirilmesi ve toplum genelinde fark\u0131ndal\u0131k olu\u015fturulmas\u0131na y\u00f6nelik \u00f6nemli bir ad\u0131m oldu\u011fu vurguland\u0131.<br \/><\/p>\n","protected":false},"excerpt":{"rendered":"<p>Ulusal Otizm Konfederasyonu Genel Ba\u015fkan\u0131 Fatma Kilci Kavas, Afyonkarahisar Sa\u011fl\u0131k Bilimleri \u00dcniversitesi Rekt\u00f6r Yard\u0131mc\u0131s\u0131 Prof. Dr. Adem Aslan\u2019\u0131 makam\u0131nda ziyaret etti. Ziyarette, otizmli bireylerin e\u011fitimi, \u00f6fke kontrol\u00fc ve m\u00fcdahale y\u00f6ntemleri, ailelere y\u00f6nelik destek \u00e7al\u0131\u015fmalar\u0131 ve \u00fcniversite-konfederasyon i\u015f birli\u011finde y\u00fcr\u00fct\u00fclebilecek projeler masaya yat\u0131r\u0131ld\u0131. Prof. Dr. Adem Aslan, otizmli \u00e7ocuklar\u0131n toplumsal ya\u015famda daha g\u00fc\u00e7l\u00fc bir \u015fekilde yer&#8230;<\/p>\n","protected":false},"author":1,"featured_media":45872,"comment_status":"open","ping_status":"open","sticky":false,"template":"","format":"standard","meta":{"_crdt_document":"","footnotes":""},"categories":[1],"tags":[],"class_list":["post-45871","post","type-post","status-publish","format-standard","has-post-thumbnail","hentry","category-guncel"],"_links":{"self":[{"href":"https:\/\/www.egemtv.com\/index.php?rest_route=\/wp\/v2\/posts\/45871","targetHints":{"allow":["GET"]}}],"collection":[{"href":"https:\/\/www.egemtv.com\/index.php?rest_route=\/wp\/v2\/posts"}],"about":[{"href":"https:\/\/www.egemtv.com\/index.php?rest_route=\/wp\/v2\/types\/post"}],"author":[{"embeddable":true,"href":"https:\/\/www.egemtv.com\/index.php?rest_route=\/wp\/v2\/users\/1"}],"replies":[{"embeddable":true,"href":"https:\/\/www.egemtv.com\/index.php?rest_route=%2Fwp%2Fv2%2Fcomments&post=45871"}],"version-history":[{"count":1,"href":"https:\/\/www.egemtv.com\/index.php?rest_route=\/wp\/v2\/posts\/45871\/revisions"}],"predecessor-version":[{"id":45873,"href":"https:\/\/www.egemtv.com\/index.php?rest_route=\/wp\/v2\/posts\/45871\/revisions\/45873"}],"wp:featuredmedia":[{"embeddable":true,"href":"https:\/\/www.egemtv.com\/index.php?rest_route=\/wp\/v2\/media\/45872"}],"wp:attachment":[{"href":"https:\/\/www.egemtv.com\/index.php?rest_route=%2Fwp%2Fv2%2Fmedia&parent=45871"}],"wp:term":[{"taxonomy":"category","embeddable":true,"href":"https:\/\/www.egemtv.com\/index.php?rest_route=%2Fwp%2Fv2%2Fcategories&post=45871"},{"taxonomy":"post_tag","embeddable":true,"href":"https:\/\/www.egemtv.com\/index.php?rest_route=%2Fwp%2Fv2%2Ftags&post=45871"}],"curies":[{"name":"wp","href":"https:\/\/api.w.org\/{rel}","templated":true}]}}