{"id":45868,"date":"2025-07-31T12:14:50","date_gmt":"2025-07-31T09:14:50","guid":{"rendered":"https:\/\/www.egemtv.com\/?p=45868"},"modified":"2025-07-31T12:14:50","modified_gmt":"2025-07-31T09:14:50","slug":"vali-ozel-bireye-asigi-oldugu-takimin-formasini-hediye-etti","status":"publish","type":"post","link":"https:\/\/www.egemtv.com\/?p=45868","title":{"rendered":"Vali \u00f6zel bireye a\u015f\u0131\u011f\u0131 oldu\u011fu tak\u0131m\u0131n formas\u0131n\u0131 hediye etti"},"content":{"rendered":"<p>Afyonkarahisar Valisi Do\u00e7. Dr. K\u00fcbra G\u00fcran Yi\u011fitba\u015f\u0131, ge\u00e7irdi\u011fi trafik kazas\u0131 sonras\u0131 16 y\u0131ld\u0131r yata\u011fa ba\u011f\u0131ml\u0131 olarak ya\u015fayan Zafer Alt\u0131n\u0131\u015f\u0131k\u2019\u0131 evinde ziyaret ederek, Be\u015fikta\u015f formas\u0131 hediye etti.<br \/>\n<br \/>Vali Yi\u011fitba\u015f\u0131, K\u0131z\u0131l\u00f6ren il\u00e7esinde ya\u015fayan engelli vatanda\u015f Zafer Alt\u0131n\u0131\u015f\u0131k\u2019\u0131 evinde ziyaret etti. Be\u015fikta\u015f taraftar\u0131 oldu\u011fu \u00f6\u011frenilen Alt\u0131n\u0131\u015f\u0131k\u2019la yak\u0131ndan ilgilenen Vali Yi\u011fitba\u015f\u0131, kendisine Be\u015fikta\u015f formas\u0131 hediye etti. Ziyaret s\u0131ras\u0131nda aileyle samimi bir ortamda sohbet eden Vali Yi\u011fitba\u015f\u0131, her zaman engelli bireylerin yan\u0131nda olduklar\u0131n\u0131 vurgulayarak, sosyal hayata kat\u0131l\u0131mlar\u0131n\u0131 desteklemeye devam edeceklerini ifade etti. Vali Yi\u011fitba\u015f\u0131\u2019n\u0131n s\u00fcrpriz forma hediyesi, Zafer Alt\u0131n\u0131\u015f\u0131k ve ailesi taraf\u0131ndan b\u00fcy\u00fck bir memnuniyetle kar\u015f\u0131land\u0131. Ziyaret, foto\u011fraf \u00e7ekimi ve iyi dileklerle sona erdi.<br \/><\/p>\n","protected":false},"excerpt":{"rendered":"<p>Afyonkarahisar Valisi Do\u00e7. Dr. K\u00fcbra G\u00fcran Yi\u011fitba\u015f\u0131, ge\u00e7irdi\u011fi trafik kazas\u0131 sonras\u0131 16 y\u0131ld\u0131r yata\u011fa ba\u011f\u0131ml\u0131 olarak ya\u015fayan Zafer Alt\u0131n\u0131\u015f\u0131k\u2019\u0131 evinde ziyaret ederek, Be\u015fikta\u015f formas\u0131 hediye etti. Vali Yi\u011fitba\u015f\u0131, K\u0131z\u0131l\u00f6ren il\u00e7esinde ya\u015fayan engelli vatanda\u015f Zafer Alt\u0131n\u0131\u015f\u0131k\u2019\u0131 evinde ziyaret etti. Be\u015fikta\u015f taraftar\u0131 oldu\u011fu \u00f6\u011frenilen Alt\u0131n\u0131\u015f\u0131k\u2019la yak\u0131ndan ilgilenen Vali Yi\u011fitba\u015f\u0131, kendisine Be\u015fikta\u015f formas\u0131 hediye etti. Ziyaret s\u0131ras\u0131nda aileyle&#8230;<\/p>\n","protected":false},"author":1,"featured_media":45869,"comment_status":"open","ping_status":"open","sticky":false,"template":"","format":"standard","meta":{"_crdt_document":"","footnotes":""},"categories":[1],"tags":[],"class_list":["post-45868","post","type-post","status-publish","format-standard","has-post-thumbnail","hentry","category-guncel"],"_links":{"self":[{"href":"https:\/\/www.egemtv.com\/index.php?rest_route=\/wp\/v2\/posts\/45868","targetHints":{"allow":["GET"]}}],"collection":[{"href":"https:\/\/www.egemtv.com\/index.php?rest_route=\/wp\/v2\/posts"}],"about":[{"href":"https:\/\/www.egemtv.com\/index.php?rest_route=\/wp\/v2\/types\/post"}],"author":[{"embeddable":true,"href":"https:\/\/www.egemtv.com\/index.php?rest_route=\/wp\/v2\/users\/1"}],"replies":[{"embeddable":true,"href":"https:\/\/www.egemtv.com\/index.php?rest_route=%2Fwp%2Fv2%2Fcomments&post=45868"}],"version-history":[{"count":1,"href":"https:\/\/www.egemtv.com\/index.php?rest_route=\/wp\/v2\/posts\/45868\/revisions"}],"predecessor-version":[{"id":45870,"href":"https:\/\/www.egemtv.com\/index.php?rest_route=\/wp\/v2\/posts\/45868\/revisions\/45870"}],"wp:featuredmedia":[{"embeddable":true,"href":"https:\/\/www.egemtv.com\/index.php?rest_route=\/wp\/v2\/media\/45869"}],"wp:attachment":[{"href":"https:\/\/www.egemtv.com\/index.php?rest_route=%2Fwp%2Fv2%2Fmedia&parent=45868"}],"wp:term":[{"taxonomy":"category","embeddable":true,"href":"https:\/\/www.egemtv.com\/index.php?rest_route=%2Fwp%2Fv2%2Fcategories&post=45868"},{"taxonomy":"post_tag","embeddable":true,"href":"https:\/\/www.egemtv.com\/index.php?rest_route=%2Fwp%2Fv2%2Ftags&post=45868"}],"curies":[{"name":"wp","href":"https:\/\/api.w.org\/{rel}","templated":true}]}}