{"id":45862,"date":"2025-07-31T11:15:11","date_gmt":"2025-07-31T08:15:11","guid":{"rendered":"https:\/\/www.egemtv.com\/?p=45862"},"modified":"2025-07-31T11:15:12","modified_gmt":"2025-07-31T08:15:12","slug":"didimde-vatandaslar-orman-yangini-riskine-karsi-bilgilendirildi","status":"publish","type":"post","link":"https:\/\/www.egemtv.com\/?p=45862","title":{"rendered":"Didim\u2019de vatanda\u015flar orman yang\u0131n\u0131 riskine kar\u015f\u0131 bilgilendirildi"},"content":{"rendered":"<p>Ayd\u0131n\u2019\u0131n Didim il\u00e7esinde jandarma ekiplerince yap\u0131lan \u00e7al\u0131\u015fma kapsam\u0131nda vatanda\u015flar, orman yang\u0131n\u0131 risklerine kar\u015f\u0131 bilgilendirildi.<\/p>\n<p>Ayd\u0131n \u0130l Jandarma Komutanl\u0131\u011f\u0131 \u00c7evre, Do\u011fa ve Hayvanlar\u0131 Koruma Tim Komutanl\u0131\u011f\u0131 ile Didim Akb\u00fck Jandarma Karakol Komutanl\u0131\u011f\u0131 personeli taraf\u0131ndan Akb\u00fck Mahallesi\u2019nde m\u00fc\u015fterek olarak yaz aylar\u0131nda artan s\u0131cakl\u0131klarla birlikte orman yang\u0131nlar\u0131n\u0131n \u00f6nlenmesi ve \u00e7evre kirlili\u011fi konularda kamuoyunu bilin\u00e7lendirmek amac\u0131yla bilgilendirme faaliyeti ger\u00e7ekle\u015ftirildi. \u00c7evre ve do\u011fa bilinci olu\u015fturulmas\u0131 hedefi ve &#8220;Her \u015eey Elimizde&#8221; mottosuyla \u00e7al\u0131\u015fma ger\u00e7ekle\u015ftiren jandarma ekipleri, ormanl\u0131k alanlarda dikkat edilmesi gereken kurallar ile ilgili hem vatanda\u015flar\u0131 bilgilendirdi hem de bro\u015f\u00fcr da\u011f\u0131tarak fark\u0131ndal\u0131k olu\u015fturdu.<\/p>\n<p>Ayd\u0131n \u0130l Jandarma Komutanl\u0131\u011f\u0131\u2019ndan yap\u0131lan a\u00e7\u0131klamada &#8220;Ormanl\u0131k alanlara izinsiz giri\u015f, ate\u015fli piknik, sigara izmariti b\u0131rakma, cam\/k\u0131r\u0131k at\u0131k at\u0131lmas\u0131 gibi yang\u0131na sebep olabilecek unsurlar hakk\u0131nda bilgilendirme yap\u0131lm\u0131\u015ft\u0131r. Denetim, kontrol ve bilgilendirme faaliyetlerimiz aral\u0131ks\u0131z devam etmektedir&#8221; ifadeleri yer ald\u0131.<br \/><\/p>\n","protected":false},"excerpt":{"rendered":"<p>Ayd\u0131n\u2019\u0131n Didim il\u00e7esinde jandarma ekiplerince yap\u0131lan \u00e7al\u0131\u015fma kapsam\u0131nda vatanda\u015flar, orman yang\u0131n\u0131 risklerine kar\u015f\u0131 bilgilendirildi. Ayd\u0131n \u0130l Jandarma Komutanl\u0131\u011f\u0131 \u00c7evre, Do\u011fa ve Hayvanlar\u0131 Koruma Tim Komutanl\u0131\u011f\u0131 ile Didim Akb\u00fck Jandarma Karakol Komutanl\u0131\u011f\u0131 personeli taraf\u0131ndan Akb\u00fck Mahallesi\u2019nde m\u00fc\u015fterek olarak yaz aylar\u0131nda artan s\u0131cakl\u0131klarla birlikte orman yang\u0131nlar\u0131n\u0131n \u00f6nlenmesi ve \u00e7evre kirlili\u011fi konularda kamuoyunu bilin\u00e7lendirmek amac\u0131yla bilgilendirme faaliyeti ger\u00e7ekle\u015ftirildi&#8230;.<\/p>\n","protected":false},"author":1,"featured_media":45863,"comment_status":"open","ping_status":"open","sticky":false,"template":"","format":"standard","meta":{"_crdt_document":"","footnotes":""},"categories":[1],"tags":[],"class_list":["post-45862","post","type-post","status-publish","format-standard","has-post-thumbnail","hentry","category-guncel"],"_links":{"self":[{"href":"https:\/\/www.egemtv.com\/index.php?rest_route=\/wp\/v2\/posts\/45862","targetHints":{"allow":["GET"]}}],"collection":[{"href":"https:\/\/www.egemtv.com\/index.php?rest_route=\/wp\/v2\/posts"}],"about":[{"href":"https:\/\/www.egemtv.com\/index.php?rest_route=\/wp\/v2\/types\/post"}],"author":[{"embeddable":true,"href":"https:\/\/www.egemtv.com\/index.php?rest_route=\/wp\/v2\/users\/1"}],"replies":[{"embeddable":true,"href":"https:\/\/www.egemtv.com\/index.php?rest_route=%2Fwp%2Fv2%2Fcomments&post=45862"}],"version-history":[{"count":1,"href":"https:\/\/www.egemtv.com\/index.php?rest_route=\/wp\/v2\/posts\/45862\/revisions"}],"predecessor-version":[{"id":45864,"href":"https:\/\/www.egemtv.com\/index.php?rest_route=\/wp\/v2\/posts\/45862\/revisions\/45864"}],"wp:featuredmedia":[{"embeddable":true,"href":"https:\/\/www.egemtv.com\/index.php?rest_route=\/wp\/v2\/media\/45863"}],"wp:attachment":[{"href":"https:\/\/www.egemtv.com\/index.php?rest_route=%2Fwp%2Fv2%2Fmedia&parent=45862"}],"wp:term":[{"taxonomy":"category","embeddable":true,"href":"https:\/\/www.egemtv.com\/index.php?rest_route=%2Fwp%2Fv2%2Fcategories&post=45862"},{"taxonomy":"post_tag","embeddable":true,"href":"https:\/\/www.egemtv.com\/index.php?rest_route=%2Fwp%2Fv2%2Ftags&post=45862"}],"curies":[{"name":"wp","href":"https:\/\/api.w.org\/{rel}","templated":true}]}}