{"id":45853,"date":"2025-07-31T11:15:08","date_gmt":"2025-07-31T08:15:08","guid":{"rendered":"https:\/\/www.egemtv.com\/?p=45853"},"modified":"2025-07-31T11:15:09","modified_gmt":"2025-07-31T08:15:09","slug":"kasten-oldurmeden-aranan-sahis-cinede-yakalandi","status":"publish","type":"post","link":"https:\/\/www.egemtv.com\/?p=45853","title":{"rendered":"Kasten \u00f6ld\u00fcrmeden aranan \u015fah\u0131s \u00c7ine\u2019de yakaland\u0131"},"content":{"rendered":"<p>Ayd\u0131n\u2019\u0131n \u00c7ine il\u00e7esinde kasten \u00f6ld\u00fcrme su\u00e7undan aranan \u015fah\u0131s, jandarma ekiplerince yakaland\u0131.<\/p>\n<p>\u00c7ine \u0130l\u00e7e Jandarma Komutanl\u0131\u011f\u0131nca aranan bir \u015fahs\u0131n yakalanmas\u0131na y\u00f6nelik kapsaml\u0131 \u00e7al\u0131\u015fma ger\u00e7ekle\u015ftirdi. Edinilen bilgiye g\u00f6re &#8220;Kasten \u00d6ld\u00fcrme&#8221; su\u00e7undan aranan ve hakk\u0131nda 6 y\u0131l 15 g\u00fcn kesinle\u015fmi\u015f hapis cezas\u0131 bulunan A.A. isimli \u015fah\u0131s \u00c7ine il\u00e7esi Ovac\u0131k Mahallesinde operasyon ile yakaland\u0131. G\u00f6zalt\u0131na al\u0131nan \u015f\u00fcpheli A.A., gerekli i\u015flemlerinin ard\u0131ndan sevk edildi\u011fi adli makamlarca tutuklanarak cezaevine g\u00f6nderildi.<br \/><\/p>\n","protected":false},"excerpt":{"rendered":"<p>Ayd\u0131n\u2019\u0131n \u00c7ine il\u00e7esinde kasten \u00f6ld\u00fcrme su\u00e7undan aranan \u015fah\u0131s, jandarma ekiplerince yakaland\u0131. \u00c7ine \u0130l\u00e7e Jandarma Komutanl\u0131\u011f\u0131nca aranan bir \u015fahs\u0131n yakalanmas\u0131na y\u00f6nelik kapsaml\u0131 \u00e7al\u0131\u015fma ger\u00e7ekle\u015ftirdi. Edinilen bilgiye g\u00f6re &#8220;Kasten \u00d6ld\u00fcrme&#8221; su\u00e7undan aranan ve hakk\u0131nda 6 y\u0131l 15 g\u00fcn kesinle\u015fmi\u015f hapis cezas\u0131 bulunan A.A. isimli \u015fah\u0131s \u00c7ine il\u00e7esi Ovac\u0131k Mahallesinde operasyon ile yakaland\u0131. G\u00f6zalt\u0131na al\u0131nan \u015f\u00fcpheli A.A., gerekli&#8230;<\/p>\n","protected":false},"author":1,"featured_media":45854,"comment_status":"open","ping_status":"open","sticky":false,"template":"","format":"standard","meta":{"_crdt_document":"","footnotes":""},"categories":[5],"tags":[],"class_list":["post-45853","post","type-post","status-publish","format-standard","has-post-thumbnail","hentry","category-asayis"],"_links":{"self":[{"href":"https:\/\/www.egemtv.com\/index.php?rest_route=\/wp\/v2\/posts\/45853","targetHints":{"allow":["GET"]}}],"collection":[{"href":"https:\/\/www.egemtv.com\/index.php?rest_route=\/wp\/v2\/posts"}],"about":[{"href":"https:\/\/www.egemtv.com\/index.php?rest_route=\/wp\/v2\/types\/post"}],"author":[{"embeddable":true,"href":"https:\/\/www.egemtv.com\/index.php?rest_route=\/wp\/v2\/users\/1"}],"replies":[{"embeddable":true,"href":"https:\/\/www.egemtv.com\/index.php?rest_route=%2Fwp%2Fv2%2Fcomments&post=45853"}],"version-history":[{"count":1,"href":"https:\/\/www.egemtv.com\/index.php?rest_route=\/wp\/v2\/posts\/45853\/revisions"}],"predecessor-version":[{"id":45855,"href":"https:\/\/www.egemtv.com\/index.php?rest_route=\/wp\/v2\/posts\/45853\/revisions\/45855"}],"wp:featuredmedia":[{"embeddable":true,"href":"https:\/\/www.egemtv.com\/index.php?rest_route=\/wp\/v2\/media\/45854"}],"wp:attachment":[{"href":"https:\/\/www.egemtv.com\/index.php?rest_route=%2Fwp%2Fv2%2Fmedia&parent=45853"}],"wp:term":[{"taxonomy":"category","embeddable":true,"href":"https:\/\/www.egemtv.com\/index.php?rest_route=%2Fwp%2Fv2%2Fcategories&post=45853"},{"taxonomy":"post_tag","embeddable":true,"href":"https:\/\/www.egemtv.com\/index.php?rest_route=%2Fwp%2Fv2%2Ftags&post=45853"}],"curies":[{"name":"wp","href":"https:\/\/api.w.org\/{rel}","templated":true}]}}