{"id":45850,"date":"2025-07-31T11:15:07","date_gmt":"2025-07-31T08:15:07","guid":{"rendered":"https:\/\/www.egemtv.com\/?p=45850"},"modified":"2025-07-31T11:15:08","modified_gmt":"2025-07-31T08:15:08","slug":"gezi-teknesinde-yaralanan-vatandasa-tibbi-tahliye","status":"publish","type":"post","link":"https:\/\/www.egemtv.com\/?p=45850","title":{"rendered":"Gezi teknesinde yaralanan vatanda\u015fa t\u0131bbi tahliye"},"content":{"rendered":"<p>Mu\u011fla\u2019n\u0131n Fethiye il\u00e7esinde gezi teknesinde yaralanan vatanda\u015f Sahil G\u00fcvenlik ekipleri taraf\u0131ndan t\u0131bbi tahliyesi ger\u00e7ekle\u015ftirildi.<br \/>\n<br \/>Fethiye il\u00e7esi a\u00e7\u0131klar\u0131nda seyreden gezi teknesinde bulunan bir vatanda\u015f yaralanmas\u0131 \u00fczerine yard\u0131m \u00e7a\u011fr\u0131s\u0131 yap\u0131ld\u0131. Yap\u0131lan yard\u0131m \u00e7a\u011fr\u0131s\u0131 sonras\u0131 Sahil G\u00fcvenlik botu taraf\u0131ndan yaralanan vatanda\u015f k\u0131y\u0131da bekleyen 112 ambulans ekiplerine teslim edildi.<br \/><\/p>\n","protected":false},"excerpt":{"rendered":"<p>Mu\u011fla\u2019n\u0131n Fethiye il\u00e7esinde gezi teknesinde yaralanan vatanda\u015f Sahil G\u00fcvenlik ekipleri taraf\u0131ndan t\u0131bbi tahliyesi ger\u00e7ekle\u015ftirildi. Fethiye il\u00e7esi a\u00e7\u0131klar\u0131nda seyreden gezi teknesinde bulunan bir vatanda\u015f yaralanmas\u0131 \u00fczerine yard\u0131m \u00e7a\u011fr\u0131s\u0131 yap\u0131ld\u0131. Yap\u0131lan yard\u0131m \u00e7a\u011fr\u0131s\u0131 sonras\u0131 Sahil G\u00fcvenlik botu taraf\u0131ndan yaralanan vatanda\u015f k\u0131y\u0131da bekleyen 112 ambulans ekiplerine teslim edildi.<\/p>\n","protected":false},"author":1,"featured_media":45851,"comment_status":"open","ping_status":"open","sticky":false,"template":"","format":"standard","meta":{"_crdt_document":"","footnotes":""},"categories":[2],"tags":[],"class_list":["post-45850","post","type-post","status-publish","format-standard","has-post-thumbnail","hentry","category-saglik"],"_links":{"self":[{"href":"https:\/\/www.egemtv.com\/index.php?rest_route=\/wp\/v2\/posts\/45850","targetHints":{"allow":["GET"]}}],"collection":[{"href":"https:\/\/www.egemtv.com\/index.php?rest_route=\/wp\/v2\/posts"}],"about":[{"href":"https:\/\/www.egemtv.com\/index.php?rest_route=\/wp\/v2\/types\/post"}],"author":[{"embeddable":true,"href":"https:\/\/www.egemtv.com\/index.php?rest_route=\/wp\/v2\/users\/1"}],"replies":[{"embeddable":true,"href":"https:\/\/www.egemtv.com\/index.php?rest_route=%2Fwp%2Fv2%2Fcomments&post=45850"}],"version-history":[{"count":1,"href":"https:\/\/www.egemtv.com\/index.php?rest_route=\/wp\/v2\/posts\/45850\/revisions"}],"predecessor-version":[{"id":45852,"href":"https:\/\/www.egemtv.com\/index.php?rest_route=\/wp\/v2\/posts\/45850\/revisions\/45852"}],"wp:featuredmedia":[{"embeddable":true,"href":"https:\/\/www.egemtv.com\/index.php?rest_route=\/wp\/v2\/media\/45851"}],"wp:attachment":[{"href":"https:\/\/www.egemtv.com\/index.php?rest_route=%2Fwp%2Fv2%2Fmedia&parent=45850"}],"wp:term":[{"taxonomy":"category","embeddable":true,"href":"https:\/\/www.egemtv.com\/index.php?rest_route=%2Fwp%2Fv2%2Fcategories&post=45850"},{"taxonomy":"post_tag","embeddable":true,"href":"https:\/\/www.egemtv.com\/index.php?rest_route=%2Fwp%2Fv2%2Ftags&post=45850"}],"curies":[{"name":"wp","href":"https:\/\/api.w.org\/{rel}","templated":true}]}}