{"id":45847,"date":"2025-07-31T11:15:06","date_gmt":"2025-07-31T08:15:06","guid":{"rendered":"https:\/\/www.egemtv.com\/?p=45847"},"modified":"2025-07-31T11:15:07","modified_gmt":"2025-07-31T08:15:07","slug":"yangina-karsi-mucadele-suruyor","status":"publish","type":"post","link":"https:\/\/www.egemtv.com\/?p=45847","title":{"rendered":"Yang\u0131na kar\u015f\u0131 m\u00fccadele s\u00fcr\u00fcyor"},"content":{"rendered":"<p>Bodrum Belediyesi Temizlik \u0130\u015fleri M\u00fcd\u00fcrl\u00fc\u011f\u00fc, artan s\u0131cakl\u0131klarla birlikte meydana gelebilecek muhtemel orman yang\u0131nlar\u0131n\u0131n \u00f6n\u00fcne ge\u00e7mek amac\u0131yla kent genelindeki ormanl\u0131k alanlarda temizlik \u00e7al\u0131\u015fmalar\u0131na devam ediyor.<\/p>\n<p>Temizlik \u0130\u015fleri M\u00fcd\u00fcrl\u00fc\u011f\u00fc ekipleri taraf\u0131ndan, ormanl\u0131k b\u00f6lgelerde kapsaml\u0131 bir temizlik \u00e7al\u0131\u015fmas\u0131 ger\u00e7ekle\u015ftirildi. \u00c7al\u0131\u015fmalarda, yang\u0131n riski olu\u015fturan \u00e7am kozalaklar\u0131 ve \u00e7am dikenlerinin yan\u0131 s\u0131ra cam ba\u015fta olmak \u00fczere karton, ambalaj at\u0131klar\u0131 ve plastik gibi \u00e7e\u015fitli at\u0131klar topland\u0131.<\/p>\n<p>Y\u00fcr\u00fct\u00fclen temizlik \u00e7al\u0131\u015fmalar\u0131 kapsam\u0131nda; Konac\u0131k Mahallesi Pedasa b\u00f6lgesindeki 2 kilometrelik y\u00fcr\u00fcy\u00fc\u015f alan\u0131nda, Torba Mahallesi \u00e7evre yolu \u00fczerindeki Seyir Tepesinde, Ali Kelle ormanl\u0131k alan\u0131 ve Kabakum sahilinde, \u00c7iftlik Mahallesi ile P\u0131narl\u0131belen Mahallesi Etrim mevkii aras\u0131ndaki 3 kilometrelik yol g\u00fczerg\u00e2h\u0131nda, Yakak\u00f6y ile Derek\u00f6y mahalleleri aras\u0131ndaki yakla\u015f\u0131k 1 kilometrelik ormanl\u0131k b\u00f6lgede belediye ekipleri, s\u00fcp\u00fcrme ve ahtapot arac\u0131yla genel bir m\u0131nt\u0131ka temizli\u011fi yap\u0131ld\u0131.<\/p>\n<p>Bodrum Belediye Ba\u015fkan\u0131 Tamer Mandalinci, temizlik \u00e7al\u0131\u015fmalar\u0131yla ilgili yapt\u0131\u011f\u0131 a\u00e7\u0131klamada \u015fu ifadelere yer verdi:<br \/>\n<br \/>&#8220;Kent genelinde temizlik \u00e7al\u0131\u015fmalar\u0131n\u0131 titizlikle s\u00fcrd\u00fcren belediye ekiplerimiz, muhtemel orman yang\u0131nlar\u0131n\u0131n \u00f6nlenmesi ve do\u011fal ya\u015fam\u0131n korunmas\u0131 amac\u0131yla faaliyetlerine ara vermeden devam ediyor. Artan s\u0131cakl\u0131klarla birlikte ortaya \u00e7\u0131kabilecek olumsuzluklar\u0131 \u00f6nlemek, do\u011fam\u0131z\u0131 korumak ve gerek do\u011fal yap\u0131s\u0131yla gerekse temizli\u011fiyle s\u00fcrd\u00fcr\u00fclebilir bir kent ya\u015fam\u0131n\u0131 desteklemek ad\u0131na \u00fczerimize d\u00fc\u015fen sorumluluklar\u0131 yerine getirmekte kararl\u0131y\u0131z. Bu \u00e7al\u0131\u015fmalar kapsam\u0131nda, de\u011ferli kent sakinlerimizi de \u00e7evre temizli\u011fi konusunda daha duyarl\u0131 olmaya davet ediyoruz. Ormanlar gelece\u011fimizdir. Gelece\u011fimizi hep birlikte koruyal\u0131m&#8221;<br \/><\/p>\n","protected":false},"excerpt":{"rendered":"<p>Bodrum Belediyesi Temizlik \u0130\u015fleri M\u00fcd\u00fcrl\u00fc\u011f\u00fc, artan s\u0131cakl\u0131klarla birlikte meydana gelebilecek muhtemel orman yang\u0131nlar\u0131n\u0131n \u00f6n\u00fcne ge\u00e7mek amac\u0131yla kent genelindeki ormanl\u0131k alanlarda temizlik \u00e7al\u0131\u015fmalar\u0131na devam ediyor. Temizlik \u0130\u015fleri M\u00fcd\u00fcrl\u00fc\u011f\u00fc ekipleri taraf\u0131ndan, ormanl\u0131k b\u00f6lgelerde kapsaml\u0131 bir temizlik \u00e7al\u0131\u015fmas\u0131 ger\u00e7ekle\u015ftirildi. \u00c7al\u0131\u015fmalarda, yang\u0131n riski olu\u015fturan \u00e7am kozalaklar\u0131 ve \u00e7am dikenlerinin yan\u0131 s\u0131ra cam ba\u015fta olmak \u00fczere karton, ambalaj at\u0131klar\u0131 ve&#8230;<\/p>\n","protected":false},"author":1,"featured_media":45848,"comment_status":"open","ping_status":"open","sticky":false,"template":"","format":"standard","meta":{"_crdt_document":"","footnotes":""},"categories":[1],"tags":[],"class_list":["post-45847","post","type-post","status-publish","format-standard","has-post-thumbnail","hentry","category-guncel"],"_links":{"self":[{"href":"https:\/\/www.egemtv.com\/index.php?rest_route=\/wp\/v2\/posts\/45847","targetHints":{"allow":["GET"]}}],"collection":[{"href":"https:\/\/www.egemtv.com\/index.php?rest_route=\/wp\/v2\/posts"}],"about":[{"href":"https:\/\/www.egemtv.com\/index.php?rest_route=\/wp\/v2\/types\/post"}],"author":[{"embeddable":true,"href":"https:\/\/www.egemtv.com\/index.php?rest_route=\/wp\/v2\/users\/1"}],"replies":[{"embeddable":true,"href":"https:\/\/www.egemtv.com\/index.php?rest_route=%2Fwp%2Fv2%2Fcomments&post=45847"}],"version-history":[{"count":1,"href":"https:\/\/www.egemtv.com\/index.php?rest_route=\/wp\/v2\/posts\/45847\/revisions"}],"predecessor-version":[{"id":45849,"href":"https:\/\/www.egemtv.com\/index.php?rest_route=\/wp\/v2\/posts\/45847\/revisions\/45849"}],"wp:featuredmedia":[{"embeddable":true,"href":"https:\/\/www.egemtv.com\/index.php?rest_route=\/wp\/v2\/media\/45848"}],"wp:attachment":[{"href":"https:\/\/www.egemtv.com\/index.php?rest_route=%2Fwp%2Fv2%2Fmedia&parent=45847"}],"wp:term":[{"taxonomy":"category","embeddable":true,"href":"https:\/\/www.egemtv.com\/index.php?rest_route=%2Fwp%2Fv2%2Fcategories&post=45847"},{"taxonomy":"post_tag","embeddable":true,"href":"https:\/\/www.egemtv.com\/index.php?rest_route=%2Fwp%2Fv2%2Ftags&post=45847"}],"curies":[{"name":"wp","href":"https:\/\/api.w.org\/{rel}","templated":true}]}}