{"id":45841,"date":"2025-07-31T11:15:01","date_gmt":"2025-07-31T08:15:01","guid":{"rendered":"https:\/\/www.egemtv.com\/?p=45841"},"modified":"2025-07-31T11:15:05","modified_gmt":"2025-07-31T08:15:05","slug":"muglali-sporcu-a-milli-takimda-ilk-macina-cikti","status":"publish","type":"post","link":"https:\/\/www.egemtv.com\/?p=45841","title":{"rendered":"Mu\u011flal\u0131 sporcu A Milli Tak\u0131m\u2019da ilk ma\u00e7\u0131na \u00e7\u0131kt\u0131"},"content":{"rendered":"<p>T\u00fcrkiye Kad\u0131n Hokey A Milli Tak\u0131m\u0131\u2019n\u0131n Avrupa \u015eampiyonas\u0131 kadrosuna se\u00e7ilen Mu\u011flal\u0131 gen\u00e7 sporcu S\u0131la Aleyna \u00c7elebi, A Milli formayla ilk ma\u00e7\u0131na \u00e7\u0131kt\u0131.<\/p>\n<p>Alanya\u2019da d\u00fczenlenen Avrupa Kad\u0131nlar Hokey \u015eampiyonas\u0131\u2019nda T\u00fcrkiye, L\u00fcksemburg ile kar\u015f\u0131 kar\u015f\u0131ya geldi. Millilerin 11-0 kazand\u0131\u011f\u0131 ma\u00e7ta forma giyen S\u0131la Aleyna \u00c7elebi, m\u00fccadeleci performans\u0131 ve h\u0131rs\u0131yla g\u00f6z doldurdu.<br \/>\n<br \/>Y\u0131llard\u0131r hokeyin alt ya\u015f kategorilerinde ba\u015far\u0131yla yer alan \u00c7elebi, U16, U18 ve U21 Milli Tak\u0131mlar\u0131nda g\u00f6sterdi\u011fi performansla spor kamuoyunun dikkatini \u00e7ekmi\u015fti. Bu y\u0131l A Milli Tak\u0131m kamp\u0131na da davet edilen gen\u00e7 sporcu, 18 ki\u015filik ana kadroya girerek T\u00fcrkiye\u2019yi uluslararas\u0131 arenada temsil etme hakk\u0131 kazand\u0131.<\/p>\n<p>&#8220;Hedefim, uzun y\u0131llar Milli formay\u0131 ta\u015f\u0131mak&#8221;<br \/>\n<br \/>A Milli formayla sahaya \u00e7\u0131kman\u0131n gururunu ya\u015fad\u0131\u011f\u0131n\u0131 belirten \u00c7elebi, &#8220;Hedefim uzun y\u0131llar boyunca A Milli Tak\u0131m formas\u0131n\u0131 giyerek \u00fclkemizi en iyi \u015fekilde temsil etmek. Bu noktaya gelmemde eme\u011fi olan herkese te\u015fekk\u00fcr ederim. \u00d6zellikle \u00e7ocuklu\u011fumdan itibaren bana m\u00fccadele etmeyi \u00f6\u011freten Ba\u015fantren\u00f6r\u00fcm\u00fcz Serkan \u015een\u2019e minnettar\u0131m&#8221; ifadelerini kulland\u0131.<br \/><\/p>\n","protected":false},"excerpt":{"rendered":"<p>T\u00fcrkiye Kad\u0131n Hokey A Milli Tak\u0131m\u0131\u2019n\u0131n Avrupa \u015eampiyonas\u0131 kadrosuna se\u00e7ilen Mu\u011flal\u0131 gen\u00e7 sporcu S\u0131la Aleyna \u00c7elebi, A Milli formayla ilk ma\u00e7\u0131na \u00e7\u0131kt\u0131. Alanya\u2019da d\u00fczenlenen Avrupa Kad\u0131nlar Hokey \u015eampiyonas\u0131\u2019nda T\u00fcrkiye, L\u00fcksemburg ile kar\u015f\u0131 kar\u015f\u0131ya geldi. Millilerin 11-0 kazand\u0131\u011f\u0131 ma\u00e7ta forma giyen S\u0131la Aleyna \u00c7elebi, m\u00fccadeleci performans\u0131 ve h\u0131rs\u0131yla g\u00f6z doldurdu. Y\u0131llard\u0131r hokeyin alt ya\u015f kategorilerinde ba\u015far\u0131yla&#8230;<\/p>\n","protected":false},"author":1,"featured_media":45842,"comment_status":"open","ping_status":"open","sticky":false,"template":"","format":"standard","meta":{"_crdt_document":"","footnotes":""},"categories":[4],"tags":[],"class_list":["post-45841","post","type-post","status-publish","format-standard","has-post-thumbnail","hentry","category-spor"],"_links":{"self":[{"href":"https:\/\/www.egemtv.com\/index.php?rest_route=\/wp\/v2\/posts\/45841","targetHints":{"allow":["GET"]}}],"collection":[{"href":"https:\/\/www.egemtv.com\/index.php?rest_route=\/wp\/v2\/posts"}],"about":[{"href":"https:\/\/www.egemtv.com\/index.php?rest_route=\/wp\/v2\/types\/post"}],"author":[{"embeddable":true,"href":"https:\/\/www.egemtv.com\/index.php?rest_route=\/wp\/v2\/users\/1"}],"replies":[{"embeddable":true,"href":"https:\/\/www.egemtv.com\/index.php?rest_route=%2Fwp%2Fv2%2Fcomments&post=45841"}],"version-history":[{"count":1,"href":"https:\/\/www.egemtv.com\/index.php?rest_route=\/wp\/v2\/posts\/45841\/revisions"}],"predecessor-version":[{"id":45843,"href":"https:\/\/www.egemtv.com\/index.php?rest_route=\/wp\/v2\/posts\/45841\/revisions\/45843"}],"wp:featuredmedia":[{"embeddable":true,"href":"https:\/\/www.egemtv.com\/index.php?rest_route=\/wp\/v2\/media\/45842"}],"wp:attachment":[{"href":"https:\/\/www.egemtv.com\/index.php?rest_route=%2Fwp%2Fv2%2Fmedia&parent=45841"}],"wp:term":[{"taxonomy":"category","embeddable":true,"href":"https:\/\/www.egemtv.com\/index.php?rest_route=%2Fwp%2Fv2%2Fcategories&post=45841"},{"taxonomy":"post_tag","embeddable":true,"href":"https:\/\/www.egemtv.com\/index.php?rest_route=%2Fwp%2Fv2%2Ftags&post=45841"}],"curies":[{"name":"wp","href":"https:\/\/api.w.org\/{rel}","templated":true}]}}