{"id":45838,"date":"2025-07-31T11:15:00","date_gmt":"2025-07-31T08:15:00","guid":{"rendered":"https:\/\/www.egemtv.com\/?p=45838"},"modified":"2025-07-31T11:15:01","modified_gmt":"2025-07-31T08:15:01","slug":"motoryatta-72-duzensiz-gocmen-yakalandi","status":"publish","type":"post","link":"https:\/\/www.egemtv.com\/?p=45838","title":{"rendered":"Motoryatta 72 d\u00fczensiz g\u00f6\u00e7men yakaland\u0131"},"content":{"rendered":"<p>Mu\u011fla\u2019n\u0131n Bodrum il\u00e7esi a\u00e7\u0131klar\u0131ndaki motoryatta 72 d\u00fczensiz g\u00f6\u00e7men yakaland\u0131.<\/p>\n<p>Bodrum a\u00e7\u0131klar\u0131nda seyreden motoryat i\u00e7erisinde bir grup d\u00fczensiz g\u00f6\u00e7men oldu\u011fu bilgisinin al\u0131nmas\u0131 \u00fczerine Sahil G\u00fcvenlik Botlar\u0131 (TCSG-901, KB-110) b\u00f6lgeye sevk edildi. Ekipler taraf\u0131ndan hareketli motor yat durdurularak i\u00e7erisindeki 39 d\u00fczensiz g\u00f6\u00e7men ile beraberinde 33 \u00e7ocuk yakaland\u0131. Limana getirilen g\u00f6\u00e7menler, i\u015flemlerinin ard\u0131ndan Mu\u011fla \u0130l G\u00f6\u00e7 \u0130daresi M\u00fcd\u00fcrl\u00fc\u011f\u00fc\u2019ne g\u00f6nderildi.<br \/><\/p>\n","protected":false},"excerpt":{"rendered":"<p>Mu\u011fla\u2019n\u0131n Bodrum il\u00e7esi a\u00e7\u0131klar\u0131ndaki motoryatta 72 d\u00fczensiz g\u00f6\u00e7men yakaland\u0131. Bodrum a\u00e7\u0131klar\u0131nda seyreden motoryat i\u00e7erisinde bir grup d\u00fczensiz g\u00f6\u00e7men oldu\u011fu bilgisinin al\u0131nmas\u0131 \u00fczerine Sahil G\u00fcvenlik Botlar\u0131 (TCSG-901, KB-110) b\u00f6lgeye sevk edildi. Ekipler taraf\u0131ndan hareketli motor yat durdurularak i\u00e7erisindeki 39 d\u00fczensiz g\u00f6\u00e7men ile beraberinde 33 \u00e7ocuk yakaland\u0131. Limana getirilen g\u00f6\u00e7menler, i\u015flemlerinin ard\u0131ndan Mu\u011fla \u0130l G\u00f6\u00e7 \u0130daresi M\u00fcd\u00fcrl\u00fc\u011f\u00fc\u2019ne&#8230;<\/p>\n","protected":false},"author":1,"featured_media":45839,"comment_status":"open","ping_status":"open","sticky":false,"template":"","format":"standard","meta":{"_crdt_document":"","footnotes":""},"categories":[5],"tags":[],"class_list":["post-45838","post","type-post","status-publish","format-standard","has-post-thumbnail","hentry","category-asayis"],"_links":{"self":[{"href":"https:\/\/www.egemtv.com\/index.php?rest_route=\/wp\/v2\/posts\/45838","targetHints":{"allow":["GET"]}}],"collection":[{"href":"https:\/\/www.egemtv.com\/index.php?rest_route=\/wp\/v2\/posts"}],"about":[{"href":"https:\/\/www.egemtv.com\/index.php?rest_route=\/wp\/v2\/types\/post"}],"author":[{"embeddable":true,"href":"https:\/\/www.egemtv.com\/index.php?rest_route=\/wp\/v2\/users\/1"}],"replies":[{"embeddable":true,"href":"https:\/\/www.egemtv.com\/index.php?rest_route=%2Fwp%2Fv2%2Fcomments&post=45838"}],"version-history":[{"count":1,"href":"https:\/\/www.egemtv.com\/index.php?rest_route=\/wp\/v2\/posts\/45838\/revisions"}],"predecessor-version":[{"id":45840,"href":"https:\/\/www.egemtv.com\/index.php?rest_route=\/wp\/v2\/posts\/45838\/revisions\/45840"}],"wp:featuredmedia":[{"embeddable":true,"href":"https:\/\/www.egemtv.com\/index.php?rest_route=\/wp\/v2\/media\/45839"}],"wp:attachment":[{"href":"https:\/\/www.egemtv.com\/index.php?rest_route=%2Fwp%2Fv2%2Fmedia&parent=45838"}],"wp:term":[{"taxonomy":"category","embeddable":true,"href":"https:\/\/www.egemtv.com\/index.php?rest_route=%2Fwp%2Fv2%2Fcategories&post=45838"},{"taxonomy":"post_tag","embeddable":true,"href":"https:\/\/www.egemtv.com\/index.php?rest_route=%2Fwp%2Fv2%2Ftags&post=45838"}],"curies":[{"name":"wp","href":"https:\/\/api.w.org\/{rel}","templated":true}]}}