{"id":45832,"date":"2025-07-31T10:55:50","date_gmt":"2025-07-31T07:55:50","guid":{"rendered":"https:\/\/www.egemtv.com\/?p=45832"},"modified":"2025-07-31T10:55:51","modified_gmt":"2025-07-31T07:55:51","slug":"kesinlesmis-49-yil-hapis-cezasi-bulunan-sahis-yakalandi","status":"publish","type":"post","link":"https:\/\/www.egemtv.com\/?p=45832","title":{"rendered":"Kesinle\u015fmi\u015f 49 y\u0131l hapis cezas\u0131 bulunan \u015fah\u0131s yakaland\u0131"},"content":{"rendered":"<p>Hakk\u0131nda 25 ayr\u0131 su\u00e7tan toplam 49 y\u0131l 4 ay 75 g\u00fcn hapis cezas\u0131 bulunan \u015fah\u0131s Fethiye\u2019de Emniyet ekiplerinin operasyonu ile yakaland\u0131.<br \/>\n<br \/>Mu\u011fla \u0130l Emniyet M\u00fcd\u00fcrl\u00fc\u011f\u00fc Fethiye \u0130l\u00e7e Emniyet M\u00fcd\u00fcrl\u00fc\u011f\u00fc ekipleri, aranan \u015fah\u0131slara y\u00f6nelik y\u00fcr\u00fctt\u00fc\u011f\u00fc \u00e7al\u0131\u015fmalar kapsamda, hakk\u0131nda 25 farkl\u0131 su\u00e7tan toplam 49 y\u0131l 4 ay 75 g\u00fcn kesinle\u015fmi\u015f hapis cezas\u0131 ile 3.300 TL adli para cezas\u0131 bulunan bir ki\u015fi yakaland\u0131.<br \/>\n<br \/>Emniyetteki i\u015flemlerinin ard\u0131ndan adliyeye sevk edilen \u015fah\u0131s, \u00e7\u0131kar\u0131ld\u0131\u011f\u0131 mahkemece tutuklanarak cezaevine teslim edildi.<br \/><\/p>\n","protected":false},"excerpt":{"rendered":"<p>Hakk\u0131nda 25 ayr\u0131 su\u00e7tan toplam 49 y\u0131l 4 ay 75 g\u00fcn hapis cezas\u0131 bulunan \u015fah\u0131s Fethiye\u2019de Emniyet ekiplerinin operasyonu ile yakaland\u0131. Mu\u011fla \u0130l Emniyet M\u00fcd\u00fcrl\u00fc\u011f\u00fc Fethiye \u0130l\u00e7e Emniyet M\u00fcd\u00fcrl\u00fc\u011f\u00fc ekipleri, aranan \u015fah\u0131slara y\u00f6nelik y\u00fcr\u00fctt\u00fc\u011f\u00fc \u00e7al\u0131\u015fmalar kapsamda, hakk\u0131nda 25 farkl\u0131 su\u00e7tan toplam 49 y\u0131l 4 ay 75 g\u00fcn kesinle\u015fmi\u015f hapis cezas\u0131 ile 3.300 TL adli para&#8230;<\/p>\n","protected":false},"author":1,"featured_media":45833,"comment_status":"open","ping_status":"open","sticky":false,"template":"","format":"standard","meta":{"_crdt_document":"","footnotes":""},"categories":[5],"tags":[],"class_list":["post-45832","post","type-post","status-publish","format-standard","has-post-thumbnail","hentry","category-asayis"],"_links":{"self":[{"href":"https:\/\/www.egemtv.com\/index.php?rest_route=\/wp\/v2\/posts\/45832","targetHints":{"allow":["GET"]}}],"collection":[{"href":"https:\/\/www.egemtv.com\/index.php?rest_route=\/wp\/v2\/posts"}],"about":[{"href":"https:\/\/www.egemtv.com\/index.php?rest_route=\/wp\/v2\/types\/post"}],"author":[{"embeddable":true,"href":"https:\/\/www.egemtv.com\/index.php?rest_route=\/wp\/v2\/users\/1"}],"replies":[{"embeddable":true,"href":"https:\/\/www.egemtv.com\/index.php?rest_route=%2Fwp%2Fv2%2Fcomments&post=45832"}],"version-history":[{"count":1,"href":"https:\/\/www.egemtv.com\/index.php?rest_route=\/wp\/v2\/posts\/45832\/revisions"}],"predecessor-version":[{"id":45834,"href":"https:\/\/www.egemtv.com\/index.php?rest_route=\/wp\/v2\/posts\/45832\/revisions\/45834"}],"wp:featuredmedia":[{"embeddable":true,"href":"https:\/\/www.egemtv.com\/index.php?rest_route=\/wp\/v2\/media\/45833"}],"wp:attachment":[{"href":"https:\/\/www.egemtv.com\/index.php?rest_route=%2Fwp%2Fv2%2Fmedia&parent=45832"}],"wp:term":[{"taxonomy":"category","embeddable":true,"href":"https:\/\/www.egemtv.com\/index.php?rest_route=%2Fwp%2Fv2%2Fcategories&post=45832"},{"taxonomy":"post_tag","embeddable":true,"href":"https:\/\/www.egemtv.com\/index.php?rest_route=%2Fwp%2Fv2%2Ftags&post=45832"}],"curies":[{"name":"wp","href":"https:\/\/api.w.org\/{rel}","templated":true}]}}