{"id":45829,"date":"2025-07-31T10:55:49","date_gmt":"2025-07-31T07:55:49","guid":{"rendered":"https:\/\/www.egemtv.com\/?p=45829"},"modified":"2025-07-31T10:55:50","modified_gmt":"2025-07-31T07:55:50","slug":"kadin-belediye-baskanlari-ankarada-bulustu","status":"publish","type":"post","link":"https:\/\/www.egemtv.com\/?p=45829","title":{"rendered":"Kad\u0131n belediye ba\u015fkanlar\u0131 Ankara\u2019da bulu\u015ftu"},"content":{"rendered":"<p>\u00c7evre, \u015eehircilik ve \u0130klim De\u011fi\u015fikli\u011fi Bakan\u0131 Murat Kurum\u2019un ev sahipli\u011finde d\u00fczenlenen ve Aile Y\u0131l\u0131 projelerinin ele al\u0131nd\u0131\u011f\u0131 toplant\u0131ya Afyonkarahisar \u0130scehisar Belediye Ba\u015fkan\u0131 Seyhan K\u0131l\u0131n\u00e7arslan ve \u0130hsaniye Belediye Ba\u015fkan\u0131 Emine G\u00f6k\u00e7e\u2019de kat\u0131ld\u0131.<br \/>\n<br \/>Ankara\u2019da d\u00fczenlenen ve kad\u0131n belediye ba\u015fkanlar\u0131n\u0131n kat\u0131l\u0131m\u0131yla ger\u00e7ekle\u015fen \u00f6nemli toplant\u0131da, belediyelerin ihtiya\u00e7lar\u0131 ve 2024 Aile Y\u0131l\u0131 kapsam\u0131nda y\u00fcr\u00fct\u00fclen yerel projeler masaya yat\u0131r\u0131ld\u0131. Toplant\u0131ya, \u00c7evre, \u015eehircilik ve \u0130klim De\u011fi\u015fikli\u011fi Bakan\u0131 Murat Kurum, Aile ve Sosyal Hizmetler Bakan\u0131 Mahinur \u00d6zdemir G\u00f6kta\u015f ve AK Parti Kad\u0131n Kollar\u0131 Ba\u015fkan\u0131 Tu\u011fba I\u015f\u0131k Ercan da kat\u0131ld\u0131.<br \/>\n<br \/>Toplant\u0131ya kat\u0131lan isimler aras\u0131nda yer alan Belediye Ba\u015fkan K\u0131l\u0131n\u00e7arslan ve Ba\u015fkan G\u00f6k\u00e7e, yerel y\u00f6netimlerin aile yap\u0131s\u0131n\u0131n g\u00fc\u00e7lendirilmesindeki rol\u00fcne dikkat \u00e7ekerek, \u00e7al\u0131\u015fmalara verdikleri \u00f6nemi vurgulad\u0131.<br \/><\/p>\n","protected":false},"excerpt":{"rendered":"<p>\u00c7evre, \u015eehircilik ve \u0130klim De\u011fi\u015fikli\u011fi Bakan\u0131 Murat Kurum\u2019un ev sahipli\u011finde d\u00fczenlenen ve Aile Y\u0131l\u0131 projelerinin ele al\u0131nd\u0131\u011f\u0131 toplant\u0131ya Afyonkarahisar \u0130scehisar Belediye Ba\u015fkan\u0131 Seyhan K\u0131l\u0131n\u00e7arslan ve \u0130hsaniye Belediye Ba\u015fkan\u0131 Emine G\u00f6k\u00e7e\u2019de kat\u0131ld\u0131. Ankara\u2019da d\u00fczenlenen ve kad\u0131n belediye ba\u015fkanlar\u0131n\u0131n kat\u0131l\u0131m\u0131yla ger\u00e7ekle\u015fen \u00f6nemli toplant\u0131da, belediyelerin ihtiya\u00e7lar\u0131 ve 2024 Aile Y\u0131l\u0131 kapsam\u0131nda y\u00fcr\u00fct\u00fclen yerel projeler masaya yat\u0131r\u0131ld\u0131. Toplant\u0131ya, \u00c7evre,&#8230;<\/p>\n","protected":false},"author":1,"featured_media":45830,"comment_status":"open","ping_status":"open","sticky":false,"template":"","format":"standard","meta":{"_crdt_document":"","footnotes":""},"categories":[127],"tags":[],"class_list":["post-45829","post","type-post","status-publish","format-standard","has-post-thumbnail","hentry","category-siyaset"],"_links":{"self":[{"href":"https:\/\/www.egemtv.com\/index.php?rest_route=\/wp\/v2\/posts\/45829","targetHints":{"allow":["GET"]}}],"collection":[{"href":"https:\/\/www.egemtv.com\/index.php?rest_route=\/wp\/v2\/posts"}],"about":[{"href":"https:\/\/www.egemtv.com\/index.php?rest_route=\/wp\/v2\/types\/post"}],"author":[{"embeddable":true,"href":"https:\/\/www.egemtv.com\/index.php?rest_route=\/wp\/v2\/users\/1"}],"replies":[{"embeddable":true,"href":"https:\/\/www.egemtv.com\/index.php?rest_route=%2Fwp%2Fv2%2Fcomments&post=45829"}],"version-history":[{"count":1,"href":"https:\/\/www.egemtv.com\/index.php?rest_route=\/wp\/v2\/posts\/45829\/revisions"}],"predecessor-version":[{"id":45831,"href":"https:\/\/www.egemtv.com\/index.php?rest_route=\/wp\/v2\/posts\/45829\/revisions\/45831"}],"wp:featuredmedia":[{"embeddable":true,"href":"https:\/\/www.egemtv.com\/index.php?rest_route=\/wp\/v2\/media\/45830"}],"wp:attachment":[{"href":"https:\/\/www.egemtv.com\/index.php?rest_route=%2Fwp%2Fv2%2Fmedia&parent=45829"}],"wp:term":[{"taxonomy":"category","embeddable":true,"href":"https:\/\/www.egemtv.com\/index.php?rest_route=%2Fwp%2Fv2%2Fcategories&post=45829"},{"taxonomy":"post_tag","embeddable":true,"href":"https:\/\/www.egemtv.com\/index.php?rest_route=%2Fwp%2Fv2%2Ftags&post=45829"}],"curies":[{"name":"wp","href":"https:\/\/api.w.org\/{rel}","templated":true}]}}