{"id":45823,"date":"2025-07-31T10:55:47","date_gmt":"2025-07-31T07:55:47","guid":{"rendered":"https:\/\/www.egemtv.com\/?p=45823"},"modified":"2025-07-31T10:55:49","modified_gmt":"2025-07-31T07:55:49","slug":"tumgenarellige-terfi-eden-buyukun-yerine-tuggeneral-sen-atandi","status":"publish","type":"post","link":"https:\/\/www.egemtv.com\/?p=45823","title":{"rendered":"T\u00fcmgenarelli\u011fe terfi eden B\u00fcy\u00fck\u2019\u00fcn yerine Tu\u011fgeneral \u015een atand\u0131"},"content":{"rendered":"<p>Bir y\u0131l \u00f6nce Mu\u011fla \u0130l Jandarma Komutan\u0131 olarak atanan Tu\u011fgeneral Emrullah B\u00fcy\u00fck T\u00fcmgeneralli\u011fe terfi etti. Mu\u011fla\u2019daki bir y\u0131ll\u0131k g\u00f6rev s\u00fcresinin sonunda terfi alan Emrullah B\u00fcy\u00fck\u2019\u00fcn yerine Van \u0130l Jandarma Komutan\u0131 Tu\u011fgeneral Adem \u015een atand\u0131.<br \/>\n<br \/>Jandarma Genel Komutanl\u0131\u011f\u0131 b\u00fcnyesinde ger\u00e7ekle\u015ftirilen son atamalar kapsam\u0131nda, Mu\u011fla \u0130l Jandarma Komutan\u0131 Tu\u011fgeneral Emrullah B\u00fcy\u00fck t\u00fcmgeneralli\u011fe terfi etti. B\u00fcy\u00fck, yeni r\u00fctbesiyle Jandarma Genel Komutanl\u0131\u011f\u0131 emrine g\u00f6revlendirilirken, Mu\u011fla\u2019daki g\u00f6rev s\u00fcresi sona erdi.<br \/>\n<br \/>Tu\u011fgeneral Emrullah B\u00fcy\u00fck\u2019\u00fcn yerine Van \u0130l Jandarma Komutan\u0131 olarak g\u00f6rev yapan Tu\u011fgeneral Adem \u015een atand\u0131.<br \/><\/p>\n","protected":false},"excerpt":{"rendered":"<p>Bir y\u0131l \u00f6nce Mu\u011fla \u0130l Jandarma Komutan\u0131 olarak atanan Tu\u011fgeneral Emrullah B\u00fcy\u00fck T\u00fcmgeneralli\u011fe terfi etti. Mu\u011fla\u2019daki bir y\u0131ll\u0131k g\u00f6rev s\u00fcresinin sonunda terfi alan Emrullah B\u00fcy\u00fck\u2019\u00fcn yerine Van \u0130l Jandarma Komutan\u0131 Tu\u011fgeneral Adem \u015een atand\u0131. Jandarma Genel Komutanl\u0131\u011f\u0131 b\u00fcnyesinde ger\u00e7ekle\u015ftirilen son atamalar kapsam\u0131nda, Mu\u011fla \u0130l Jandarma Komutan\u0131 Tu\u011fgeneral Emrullah B\u00fcy\u00fck t\u00fcmgeneralli\u011fe terfi etti. B\u00fcy\u00fck, yeni r\u00fctbesiyle&#8230;<\/p>\n","protected":false},"author":1,"featured_media":45824,"comment_status":"open","ping_status":"open","sticky":false,"template":"","format":"standard","meta":{"_crdt_document":"","footnotes":""},"categories":[123],"tags":[],"class_list":["post-45823","post","type-post","status-publish","format-standard","has-post-thumbnail","hentry","category-gundem"],"_links":{"self":[{"href":"https:\/\/www.egemtv.com\/index.php?rest_route=\/wp\/v2\/posts\/45823","targetHints":{"allow":["GET"]}}],"collection":[{"href":"https:\/\/www.egemtv.com\/index.php?rest_route=\/wp\/v2\/posts"}],"about":[{"href":"https:\/\/www.egemtv.com\/index.php?rest_route=\/wp\/v2\/types\/post"}],"author":[{"embeddable":true,"href":"https:\/\/www.egemtv.com\/index.php?rest_route=\/wp\/v2\/users\/1"}],"replies":[{"embeddable":true,"href":"https:\/\/www.egemtv.com\/index.php?rest_route=%2Fwp%2Fv2%2Fcomments&post=45823"}],"version-history":[{"count":1,"href":"https:\/\/www.egemtv.com\/index.php?rest_route=\/wp\/v2\/posts\/45823\/revisions"}],"predecessor-version":[{"id":45825,"href":"https:\/\/www.egemtv.com\/index.php?rest_route=\/wp\/v2\/posts\/45823\/revisions\/45825"}],"wp:featuredmedia":[{"embeddable":true,"href":"https:\/\/www.egemtv.com\/index.php?rest_route=\/wp\/v2\/media\/45824"}],"wp:attachment":[{"href":"https:\/\/www.egemtv.com\/index.php?rest_route=%2Fwp%2Fv2%2Fmedia&parent=45823"}],"wp:term":[{"taxonomy":"category","embeddable":true,"href":"https:\/\/www.egemtv.com\/index.php?rest_route=%2Fwp%2Fv2%2Fcategories&post=45823"},{"taxonomy":"post_tag","embeddable":true,"href":"https:\/\/www.egemtv.com\/index.php?rest_route=%2Fwp%2Fv2%2Ftags&post=45823"}],"curies":[{"name":"wp","href":"https:\/\/api.w.org\/{rel}","templated":true}]}}