{"id":45820,"date":"2025-07-31T10:55:46","date_gmt":"2025-07-31T07:55:46","guid":{"rendered":"https:\/\/www.egemtv.com\/?p=45820"},"modified":"2025-07-31T10:55:47","modified_gmt":"2025-07-31T07:55:47","slug":"afyonkarahisarda-cevre-hizmetleri-masaya-yatirildi","status":"publish","type":"post","link":"https:\/\/www.egemtv.com\/?p=45820","title":{"rendered":"Afyonkarahisar\u2019da \u00e7evre hizmetleri masaya yat\u0131r\u0131ld\u0131"},"content":{"rendered":"<p>Afyonkarahisar \u0130l \u00c7evre Hizmetleri Birli\u011fi\u2019nin Temmuz ay\u0131 ola\u011fan enc\u00fcmen toplant\u0131s\u0131, Birlik Ba\u015fkan\u0131 ve Sand\u0131kl\u0131 Belediye Ba\u015fkan\u0131 Adnan \u00d6zta\u015f ba\u015fkanl\u0131\u011f\u0131nda ger\u00e7ekle\u015ftirildi.<br \/>\n<br \/>Ger\u00e7ekle\u015ftirilen toplant\u0131ya \u0130l Genel Meclis Ba\u015fkan\u0131 Mehmet Siper, Yaylaba\u011f\u0131 Belediye Ba\u015fkan\u0131 Niyazi Akgedik ve Birlik M\u00fcd\u00fcr\u00fc Ercan \u00d6zcan kat\u0131ld\u0131. Toplant\u0131da \u00e7evre hizmetleriyle ilgili mevcut \u00e7al\u0131\u015fmalar ve gelece\u011fe y\u00f6nelik projeler ele al\u0131nd\u0131. Ayr\u0131ca, birli\u011fin faaliyetlerinin daha etkin hale getirilmesi amac\u0131yla kar\u015f\u0131l\u0131kl\u0131 fikir al\u0131\u015fveri\u015fi yap\u0131ld\u0131.<br \/><\/p>\n","protected":false},"excerpt":{"rendered":"<p>Afyonkarahisar \u0130l \u00c7evre Hizmetleri Birli\u011fi\u2019nin Temmuz ay\u0131 ola\u011fan enc\u00fcmen toplant\u0131s\u0131, Birlik Ba\u015fkan\u0131 ve Sand\u0131kl\u0131 Belediye Ba\u015fkan\u0131 Adnan \u00d6zta\u015f ba\u015fkanl\u0131\u011f\u0131nda ger\u00e7ekle\u015ftirildi. Ger\u00e7ekle\u015ftirilen toplant\u0131ya \u0130l Genel Meclis Ba\u015fkan\u0131 Mehmet Siper, Yaylaba\u011f\u0131 Belediye Ba\u015fkan\u0131 Niyazi Akgedik ve Birlik M\u00fcd\u00fcr\u00fc Ercan \u00d6zcan kat\u0131ld\u0131. Toplant\u0131da \u00e7evre hizmetleriyle ilgili mevcut \u00e7al\u0131\u015fmalar ve gelece\u011fe y\u00f6nelik projeler ele al\u0131nd\u0131. Ayr\u0131ca, birli\u011fin faaliyetlerinin daha&#8230;<\/p>\n","protected":false},"author":1,"featured_media":45821,"comment_status":"open","ping_status":"open","sticky":false,"template":"","format":"standard","meta":{"_crdt_document":"","footnotes":""},"categories":[1],"tags":[],"class_list":["post-45820","post","type-post","status-publish","format-standard","has-post-thumbnail","hentry","category-guncel"],"_links":{"self":[{"href":"https:\/\/www.egemtv.com\/index.php?rest_route=\/wp\/v2\/posts\/45820","targetHints":{"allow":["GET"]}}],"collection":[{"href":"https:\/\/www.egemtv.com\/index.php?rest_route=\/wp\/v2\/posts"}],"about":[{"href":"https:\/\/www.egemtv.com\/index.php?rest_route=\/wp\/v2\/types\/post"}],"author":[{"embeddable":true,"href":"https:\/\/www.egemtv.com\/index.php?rest_route=\/wp\/v2\/users\/1"}],"replies":[{"embeddable":true,"href":"https:\/\/www.egemtv.com\/index.php?rest_route=%2Fwp%2Fv2%2Fcomments&post=45820"}],"version-history":[{"count":1,"href":"https:\/\/www.egemtv.com\/index.php?rest_route=\/wp\/v2\/posts\/45820\/revisions"}],"predecessor-version":[{"id":45822,"href":"https:\/\/www.egemtv.com\/index.php?rest_route=\/wp\/v2\/posts\/45820\/revisions\/45822"}],"wp:featuredmedia":[{"embeddable":true,"href":"https:\/\/www.egemtv.com\/index.php?rest_route=\/wp\/v2\/media\/45821"}],"wp:attachment":[{"href":"https:\/\/www.egemtv.com\/index.php?rest_route=%2Fwp%2Fv2%2Fmedia&parent=45820"}],"wp:term":[{"taxonomy":"category","embeddable":true,"href":"https:\/\/www.egemtv.com\/index.php?rest_route=%2Fwp%2Fv2%2Fcategories&post=45820"},{"taxonomy":"post_tag","embeddable":true,"href":"https:\/\/www.egemtv.com\/index.php?rest_route=%2Fwp%2Fv2%2Ftags&post=45820"}],"curies":[{"name":"wp","href":"https:\/\/api.w.org\/{rel}","templated":true}]}}