{"id":45817,"date":"2025-07-31T10:34:51","date_gmt":"2025-07-31T07:34:51","guid":{"rendered":"https:\/\/www.egemtv.com\/?p=45817"},"modified":"2025-07-31T10:34:53","modified_gmt":"2025-07-31T07:34:53","slug":"karsiyaka-basketboldan-iki-hamle","status":"publish","type":"post","link":"https:\/\/www.egemtv.com\/?p=45817","title":{"rendered":"Kar\u015f\u0131yaka Basketbol\u2019dan iki hamle"},"content":{"rendered":"<p>Kar\u015f\u0131yaka Basketbol, Samet Geyik ve Egemen G\u00fcven\u2019i kadrosuna katt\u0131\u011f\u0131n\u0131 duyurdu.<br \/>\n<br \/>Basketbol S\u00fcper Ligi ekiplerinden Kar\u015f\u0131yaka\u2019da transfer hareketlili\u011fi ba\u015flad\u0131. Ekonomik olarak zor g\u00fcnlerden ge\u00e7en ye\u015fil-k\u0131rm\u0131z\u0131l\u0131lar, yeni sezon kadro planlamas\u0131 kapsam\u0131nda iki takviye ger\u00e7ekle\u015ftirdi. \u015eu ana kadar sessizli\u011fini koruyan \u0130zmir ekibi, eski oyuncular\u0131ndan uzun forvet Samet Geyik ve pivot Egemen G\u00fcven transferlerini duyurdu.<br \/>\n<br \/>Ege G\u00fcven transferiyle ilgili kul\u00fcpten yap\u0131lan a\u00e7\u0131klamada, &#8220;Altyap\u0131m\u0131zdan yeti\u015fen ve 2013-2019 y\u0131llar\u0131 aras\u0131nda A Tak\u0131m formam\u0131z\u0131 giyen Egemen G\u00fcven 2025-2026 sezonu itibar\u0131yla yeniden kadromuzda yer alacak.  Son olarak ge\u00e7ti\u011fimiz sezon Merkezefendi formas\u0131 giyen Egemen\u2019e Kar\u015f\u0131yaka formas\u0131 ile ba\u015far\u0131lar diliyoruz&#8221; ifadeleri kullan\u0131ld\u0131.<br \/>\n<br \/>Samet Geyik\u2019le ilgili yap\u0131lan a\u00e7\u0131klamada ise, &#8220;2015-2016 sezonunda Kar\u015f\u0131yaka\u2019m\u0131zda forma giyen Samet Geyik, 2025-2026 sezonu itibar\u0131yla yeniden kadromuzda yer alacak. Son olarak ge\u00e7ti\u011fimiz sezon Galatasaray formas\u0131 giyen Samet\u2019e Kar\u015f\u0131yaka formas\u0131 ile ba\u015far\u0131lar diliyoruz&#8221; denildi.<br \/><\/p>\n","protected":false},"excerpt":{"rendered":"<p>Kar\u015f\u0131yaka Basketbol, Samet Geyik ve Egemen G\u00fcven\u2019i kadrosuna katt\u0131\u011f\u0131n\u0131 duyurdu. Basketbol S\u00fcper Ligi ekiplerinden Kar\u015f\u0131yaka\u2019da transfer hareketlili\u011fi ba\u015flad\u0131. Ekonomik olarak zor g\u00fcnlerden ge\u00e7en ye\u015fil-k\u0131rm\u0131z\u0131l\u0131lar, yeni sezon kadro planlamas\u0131 kapsam\u0131nda iki takviye ger\u00e7ekle\u015ftirdi. \u015eu ana kadar sessizli\u011fini koruyan \u0130zmir ekibi, eski oyuncular\u0131ndan uzun forvet Samet Geyik ve pivot Egemen G\u00fcven transferlerini duyurdu. Ege G\u00fcven transferiyle ilgili&#8230;<\/p>\n","protected":false},"author":1,"featured_media":45818,"comment_status":"open","ping_status":"open","sticky":false,"template":"","format":"standard","meta":{"_crdt_document":"","footnotes":""},"categories":[4],"tags":[],"class_list":["post-45817","post","type-post","status-publish","format-standard","has-post-thumbnail","hentry","category-spor"],"_links":{"self":[{"href":"https:\/\/www.egemtv.com\/index.php?rest_route=\/wp\/v2\/posts\/45817","targetHints":{"allow":["GET"]}}],"collection":[{"href":"https:\/\/www.egemtv.com\/index.php?rest_route=\/wp\/v2\/posts"}],"about":[{"href":"https:\/\/www.egemtv.com\/index.php?rest_route=\/wp\/v2\/types\/post"}],"author":[{"embeddable":true,"href":"https:\/\/www.egemtv.com\/index.php?rest_route=\/wp\/v2\/users\/1"}],"replies":[{"embeddable":true,"href":"https:\/\/www.egemtv.com\/index.php?rest_route=%2Fwp%2Fv2%2Fcomments&post=45817"}],"version-history":[{"count":1,"href":"https:\/\/www.egemtv.com\/index.php?rest_route=\/wp\/v2\/posts\/45817\/revisions"}],"predecessor-version":[{"id":45819,"href":"https:\/\/www.egemtv.com\/index.php?rest_route=\/wp\/v2\/posts\/45817\/revisions\/45819"}],"wp:featuredmedia":[{"embeddable":true,"href":"https:\/\/www.egemtv.com\/index.php?rest_route=\/wp\/v2\/media\/45818"}],"wp:attachment":[{"href":"https:\/\/www.egemtv.com\/index.php?rest_route=%2Fwp%2Fv2%2Fmedia&parent=45817"}],"wp:term":[{"taxonomy":"category","embeddable":true,"href":"https:\/\/www.egemtv.com\/index.php?rest_route=%2Fwp%2Fv2%2Fcategories&post=45817"},{"taxonomy":"post_tag","embeddable":true,"href":"https:\/\/www.egemtv.com\/index.php?rest_route=%2Fwp%2Fv2%2Ftags&post=45817"}],"curies":[{"name":"wp","href":"https:\/\/api.w.org\/{rel}","templated":true}]}}