{"id":45814,"date":"2025-07-31T10:34:50","date_gmt":"2025-07-31T07:34:50","guid":{"rendered":"https:\/\/www.egemtv.com\/?p=45814"},"modified":"2025-07-31T10:34:51","modified_gmt":"2025-07-31T07:34:51","slug":"derya-baltali-laodikeia-gibi-essiz-bir-mirasa-sahip-cikmak-hepimizin-gorevi","status":"publish","type":"post","link":"https:\/\/www.egemtv.com\/?p=45814","title":{"rendered":"Derya Baltal\u0131: &#8220;Laodikeia gibi e\u015fsiz bir mirasa sahip \u00e7\u0131kmak hepimizin g\u00f6revi&#8221;"},"content":{"rendered":"<p>Denizli Organize Sanayi B\u00f6lgesi Y\u00f6netim Kurulu Ba\u015fkan\u0131 Derya Baltal\u0131 ve Denizli OSB B\u00f6lge M\u00fcd\u00fcr\u00fc Ahmet Ta\u015f, Laodikeia Antik Kenti Kaz\u0131 Ba\u015fkan\u0131 Prof. Dr. Celal \u015eim\u015fek\u2019i ziyaret etti.<\/p>\n<p>Laodikeia Antik Kenti \u0130dari Binas\u0131\u2019nda ger\u00e7ekle\u015fen ve Pamukkale \u00dcniversitesi \u0130nsan ve Toplum Bilimleri Fak\u00fcltesi Arkeoloji B\u00f6l\u00fcm\u00fc Dr. \u00d6\u011fretim \u00dcyesi Bar\u0131\u015f Yener\u2019in de e\u015flik etti\u011fi ziyarette, b\u00f6lgenin tarihi miras\u0131na verilen \u00f6nem ve s\u00fcrd\u00fcr\u00fclen kaz\u0131 \u00e7al\u0131\u015fmalar\u0131 hakk\u0131nda bilgi al\u0131\u015fveri\u015finde bulunuldu.<br \/>\n<br \/>Antik Kentte y\u00fcr\u00fct\u00fclen kaz\u0131 ve restorasyon \u00e7al\u0131\u015fmalar\u0131 hakk\u0131nda Prof. Dr. Celal \u015eim\u015fek\u2019ten detayl\u0131 bilgi alan Denizli OSB Ba\u015fkan\u0131 Derya Baltal\u0131 ve B\u00f6lge M\u00fcd\u00fcr\u00fc Ahmet Ta\u015f, antik kentin tarihi de\u011ferine vurgu yaparak, bu t\u00fcr k\u00fclt\u00fcrel miraslar\u0131n korunmas\u0131n\u0131n ve tan\u0131t\u0131lmas\u0131n\u0131n \u00f6nemine dikkat \u00e7ekti.<br \/>\n<br \/>Ziyarette ayr\u0131ca, sanayi ve k\u00fclt\u00fcr i\u015f birliklerinin geli\u015ftirilmesi, b\u00f6lgesel kalk\u0131nma hedefleri do\u011frultusunda ortak projeler yap\u0131lmas\u0131 y\u00f6n\u00fcnde g\u00f6r\u00fc\u015f al\u0131\u015fveri\u015finde bulunuldu.<\/p>\n<p>&#8220;Denizli OSB\u2019ye destekleri i\u00e7in te\u015fekk\u00fcr ederiz&#8221;<br \/>\n<br \/>Nazik ziyaretleri i\u00e7in Denizli OSB Y\u00f6netimine te\u015fekk\u00fcr eden Prof. Dr. Celal \u015eim\u015fek; &#8220;K\u00fclt\u00fcrel mirasa sahip \u00e7\u0131kmak bir kentin geli\u015fmi\u015flik g\u00f6stergesidir. Denizli OSB gibi vizyoner kurumlar\u0131n bu alana duyarl\u0131l\u0131k g\u00f6stermesi, b\u00f6lgesel kalk\u0131nma ile k\u00fclt\u00fcrel koruman\u0131n birlikte y\u00fcr\u00fcyebilece\u011fini ortaya koyuyor. Bu anlamda bug\u00fcnk\u00fc ziyaretin sembolik de\u011fil, gelece\u011fe d\u00f6n\u00fck \u00e7ok anlaml\u0131 bir ad\u0131m oldu\u011funu d\u00fc\u015f\u00fcn\u00fcyorum. Nazik ziyaretleri ve de\u011ferli destek s\u00f6zleri i\u00e7in kendilerine bir kez daha te\u015fekk\u00fcr ediyorum&#8221; dedi.<\/p>\n<p>&#8220;K\u00fclt\u00fcrel miras\u0131m\u0131za verilen her destek, gelecek ku\u015faklara b\u0131rak\u0131lan en de\u011ferli mirast\u0131r&#8221;<br \/>\n<br \/>Denizli OSB Ba\u015fkan\u0131 Derya Baltal\u0131 ise ziyaretin ard\u0131ndan yapt\u0131\u011f\u0131 a\u00e7\u0131klamada, &#8220;Denizli Organize Sanayi B\u00f6lgesi olarak \u00fcretime, sanayiye ve istihdama katk\u0131 sunarken; ayn\u0131 zamanda ya\u015fad\u0131\u011f\u0131m\u0131z kentin tarihine, k\u00fclt\u00fcrel miras\u0131na da sahip \u00e7\u0131kmay\u0131 g\u00f6rev biliyoruz. Sanayi ile k\u00fclt\u00fcr\u00fcn bir arada var olabilece\u011fine inan\u0131yoruz. Bu nedenle, Laodikeia\u2019da y\u00fcr\u00fct\u00fclen bilimsel kaz\u0131 ve restorasyon \u00e7al\u0131\u015fmalar\u0131n\u0131 son derece \u00f6nemsiyoruz. Prof. Dr. Celal \u015eim\u015fek hocam\u0131z\u0131n \u00f6nderli\u011finde yap\u0131lan bu \u00e7al\u0131\u015fmalar, Denizli\u2019nin d\u00fcnya \u00e7ap\u0131nda tan\u0131t\u0131m\u0131na da b\u00fcy\u00fck katk\u0131 sa\u011fl\u0131yor.<br \/>\n<br \/>\u00d6n\u00fcm\u00fczdeki d\u00f6nemde, Denizli OSB olarak bu t\u00fcr k\u00fclt\u00fcrel projelere nas\u0131l daha fazla destek verebiliriz, bunun \u00fczerinde duraca\u011f\u0131z. Laodikeia gibi e\u015fsiz bir mirasa sahip \u00e7\u0131kmak hepimizin g\u00f6revi. K\u00fclt\u00fcrel miras\u0131m\u0131za verilen her destek, gelecek ku\u015faklara b\u0131rak\u0131lan en de\u011ferli mirast\u0131r&#8221; ifadelerini kulland\u0131.<br \/><\/p>\n","protected":false},"excerpt":{"rendered":"<p>Denizli Organize Sanayi B\u00f6lgesi Y\u00f6netim Kurulu Ba\u015fkan\u0131 Derya Baltal\u0131 ve Denizli OSB B\u00f6lge M\u00fcd\u00fcr\u00fc Ahmet Ta\u015f, Laodikeia Antik Kenti Kaz\u0131 Ba\u015fkan\u0131 Prof. Dr. Celal \u015eim\u015fek\u2019i ziyaret etti. Laodikeia Antik Kenti \u0130dari Binas\u0131\u2019nda ger\u00e7ekle\u015fen ve Pamukkale \u00dcniversitesi \u0130nsan ve Toplum Bilimleri Fak\u00fcltesi Arkeoloji B\u00f6l\u00fcm\u00fc Dr. \u00d6\u011fretim \u00dcyesi Bar\u0131\u015f Yener\u2019in de e\u015flik etti\u011fi ziyarette, b\u00f6lgenin tarihi miras\u0131na&#8230;<\/p>\n","protected":false},"author":1,"featured_media":45815,"comment_status":"open","ping_status":"open","sticky":false,"template":"","format":"standard","meta":{"_crdt_document":"","footnotes":""},"categories":[1],"tags":[],"class_list":["post-45814","post","type-post","status-publish","format-standard","has-post-thumbnail","hentry","category-guncel"],"_links":{"self":[{"href":"https:\/\/www.egemtv.com\/index.php?rest_route=\/wp\/v2\/posts\/45814","targetHints":{"allow":["GET"]}}],"collection":[{"href":"https:\/\/www.egemtv.com\/index.php?rest_route=\/wp\/v2\/posts"}],"about":[{"href":"https:\/\/www.egemtv.com\/index.php?rest_route=\/wp\/v2\/types\/post"}],"author":[{"embeddable":true,"href":"https:\/\/www.egemtv.com\/index.php?rest_route=\/wp\/v2\/users\/1"}],"replies":[{"embeddable":true,"href":"https:\/\/www.egemtv.com\/index.php?rest_route=%2Fwp%2Fv2%2Fcomments&post=45814"}],"version-history":[{"count":1,"href":"https:\/\/www.egemtv.com\/index.php?rest_route=\/wp\/v2\/posts\/45814\/revisions"}],"predecessor-version":[{"id":45816,"href":"https:\/\/www.egemtv.com\/index.php?rest_route=\/wp\/v2\/posts\/45814\/revisions\/45816"}],"wp:featuredmedia":[{"embeddable":true,"href":"https:\/\/www.egemtv.com\/index.php?rest_route=\/wp\/v2\/media\/45815"}],"wp:attachment":[{"href":"https:\/\/www.egemtv.com\/index.php?rest_route=%2Fwp%2Fv2%2Fmedia&parent=45814"}],"wp:term":[{"taxonomy":"category","embeddable":true,"href":"https:\/\/www.egemtv.com\/index.php?rest_route=%2Fwp%2Fv2%2Fcategories&post=45814"},{"taxonomy":"post_tag","embeddable":true,"href":"https:\/\/www.egemtv.com\/index.php?rest_route=%2Fwp%2Fv2%2Ftags&post=45814"}],"curies":[{"name":"wp","href":"https:\/\/api.w.org\/{rel}","templated":true}]}}