{"id":45811,"date":"2025-07-31T10:15:20","date_gmt":"2025-07-31T07:15:20","guid":{"rendered":"https:\/\/www.egemtv.com\/?p=45811"},"modified":"2025-07-31T10:15:21","modified_gmt":"2025-07-31T07:15:21","slug":"koycegizde-turkiye-olimpiyat-hazirlik-merkezi-insaatinda-sona-yaklasildi","status":"publish","type":"post","link":"https:\/\/www.egemtv.com\/?p=45811","title":{"rendered":"K\u00f6yce\u011fiz\u2019de T\u00fcrkiye Olimpiyat Haz\u0131rl\u0131k Merkezi in\u015faat\u0131nda sona yakla\u015f\u0131ld\u0131"},"content":{"rendered":"<p>Mu\u011fla\u2019n\u0131n K\u00f6yce\u011fiz il\u00e7esinde yap\u0131m\u0131 devam eden Su Sporlar\u0131 ve Kamp E\u011fitim Merkezi\u2019nin, T\u00fcrkiye Olimpiyat Haz\u0131rl\u0131k Merkezi\u2019ne d\u00f6n\u00fc\u015ft\u00fcr\u00fclmesinde sona yakla\u015f\u0131ld\u0131.<\/p>\n<p>\u0130n\u015faat\u0131n tamamlanmas\u0131yla K\u00f6yce\u011fiz\u2019in kano, k\u00fcrek ve su sporlar\u0131nda olimpik ba\u015far\u0131lara ev sahipli\u011fi yapaca\u011f\u0131 belirtildi. K\u00f6yce\u011fiz Kaymakam\u0131 Mert Kumcu, durgun su sporlar\u0131nda (kano, k\u00fcrek) d\u00fcnyan\u0131n en \u00f6nemli lokasyonlar\u0131ndan biri olan K\u00f6yce\u011fiz G\u00f6l\u00fc kenar\u0131nda in\u015faat\u0131nda sona yakla\u015f\u0131lan T\u00fcrkiye Olimpiyat Haz\u0131rl\u0131k Merkezi\u2019ni ziyaret ederek, yetkililerden \u00e7al\u0131\u015fmalar hakk\u0131nda bilgi ald\u0131.<br \/><\/p>\n","protected":false},"excerpt":{"rendered":"<p>Mu\u011fla\u2019n\u0131n K\u00f6yce\u011fiz il\u00e7esinde yap\u0131m\u0131 devam eden Su Sporlar\u0131 ve Kamp E\u011fitim Merkezi\u2019nin, T\u00fcrkiye Olimpiyat Haz\u0131rl\u0131k Merkezi\u2019ne d\u00f6n\u00fc\u015ft\u00fcr\u00fclmesinde sona yakla\u015f\u0131ld\u0131. \u0130n\u015faat\u0131n tamamlanmas\u0131yla K\u00f6yce\u011fiz\u2019in kano, k\u00fcrek ve su sporlar\u0131nda olimpik ba\u015far\u0131lara ev sahipli\u011fi yapaca\u011f\u0131 belirtildi. K\u00f6yce\u011fiz Kaymakam\u0131 Mert Kumcu, durgun su sporlar\u0131nda (kano, k\u00fcrek) d\u00fcnyan\u0131n en \u00f6nemli lokasyonlar\u0131ndan biri olan K\u00f6yce\u011fiz G\u00f6l\u00fc kenar\u0131nda in\u015faat\u0131nda sona yakla\u015f\u0131lan T\u00fcrkiye&#8230;<\/p>\n","protected":false},"author":1,"featured_media":45812,"comment_status":"open","ping_status":"open","sticky":false,"template":"","format":"standard","meta":{"_crdt_document":"","footnotes":""},"categories":[1],"tags":[],"class_list":["post-45811","post","type-post","status-publish","format-standard","has-post-thumbnail","hentry","category-guncel"],"_links":{"self":[{"href":"https:\/\/www.egemtv.com\/index.php?rest_route=\/wp\/v2\/posts\/45811","targetHints":{"allow":["GET"]}}],"collection":[{"href":"https:\/\/www.egemtv.com\/index.php?rest_route=\/wp\/v2\/posts"}],"about":[{"href":"https:\/\/www.egemtv.com\/index.php?rest_route=\/wp\/v2\/types\/post"}],"author":[{"embeddable":true,"href":"https:\/\/www.egemtv.com\/index.php?rest_route=\/wp\/v2\/users\/1"}],"replies":[{"embeddable":true,"href":"https:\/\/www.egemtv.com\/index.php?rest_route=%2Fwp%2Fv2%2Fcomments&post=45811"}],"version-history":[{"count":1,"href":"https:\/\/www.egemtv.com\/index.php?rest_route=\/wp\/v2\/posts\/45811\/revisions"}],"predecessor-version":[{"id":45813,"href":"https:\/\/www.egemtv.com\/index.php?rest_route=\/wp\/v2\/posts\/45811\/revisions\/45813"}],"wp:featuredmedia":[{"embeddable":true,"href":"https:\/\/www.egemtv.com\/index.php?rest_route=\/wp\/v2\/media\/45812"}],"wp:attachment":[{"href":"https:\/\/www.egemtv.com\/index.php?rest_route=%2Fwp%2Fv2%2Fmedia&parent=45811"}],"wp:term":[{"taxonomy":"category","embeddable":true,"href":"https:\/\/www.egemtv.com\/index.php?rest_route=%2Fwp%2Fv2%2Fcategories&post=45811"},{"taxonomy":"post_tag","embeddable":true,"href":"https:\/\/www.egemtv.com\/index.php?rest_route=%2Fwp%2Fv2%2Ftags&post=45811"}],"curies":[{"name":"wp","href":"https:\/\/api.w.org\/{rel}","templated":true}]}}