{"id":45808,"date":"2025-07-31T10:15:19","date_gmt":"2025-07-31T07:15:19","guid":{"rendered":"https:\/\/www.egemtv.com\/?p=45808"},"modified":"2025-07-31T10:15:20","modified_gmt":"2025-07-31T07:15:20","slug":"kaymakam-taskin-yaz-kuran-kursu-ogrencileriyle-bulustu","status":"publish","type":"post","link":"https:\/\/www.egemtv.com\/?p=45808","title":{"rendered":"Kaymakam Ta\u015fk\u0131n, Yaz Kur\u2019an Kursu \u00f6\u011frencileriyle bulu\u015ftu"},"content":{"rendered":"<p>Ayd\u0131n\u2019\u0131n Ko\u00e7arl\u0131 il\u00e7esinde d\u00fczenlenen Yaz Kur\u2019an Kursu etkinliklerine kat\u0131lan Kaymakam Ramazan Ta\u015fk\u0131n, \u00f6\u011frencilerle bir araya geldi.<\/p>\n<p>Yaz aylar\u0131nda camilerde ve kurs merkezlerinde a\u00e7\u0131lan Yaz Kur\u2019an Kurslar\u0131, \u00f6\u011frencilerin hem dini bilgiler \u00f6\u011frendi\u011fi hem de sosyal etkinliklerle keyifli zaman ge\u00e7irdi\u011fi bir ortam sunmaya devam ediyor. Ayd\u0131n\u2019\u0131n Ko\u00e7arl\u0131 il\u00e7esinde de \u00e7ocuklar, Kur\u2019an-\u0131 Kerim \u00f6\u011frenmenin yan\u0131 s\u0131ra \u00e7e\u015fitli faaliyetlerle yaz tatilini verimli \u015fekilde de\u011ferlendirme imkan\u0131 buluyor. Ko\u00e7arl\u0131 Kaymakam\u0131 Ramazan Y\u0131ld\u0131r\u0131m da e\u011fitim alan \u00f6\u011frencileri ziyaret etti. Etkinlikte \u00f6\u011frencilerle sohbet eden Kaymakam Ta\u015fk\u0131n, kursa kat\u0131lan \u00e7ocuklara ba\u015far\u0131lar diledi. Program sonunda \u00f6\u011frencilere \u00e7e\u015fitli ikramlar yap\u0131l\u0131rken, g\u00fcn\u00fcn an\u0131s\u0131na hat\u0131ra foto\u011fraf\u0131 da \u00e7ekildi.<\/p>\n<p>Ko\u00e7arl\u0131 Kaymakaml\u0131\u011f\u0131 taraf\u0131ndan yap\u0131lan a\u00e7\u0131klamada, &#8220;Kaymakam\u0131m\u0131z Ramazan Ta\u015fk\u0131n, Ko\u00e7arl\u0131 \u0130l\u00e7e M\u00fcft\u00fcl\u00fc\u011f\u00fc taraf\u0131ndan d\u00fczenlenen Yaz Kur\u2019an Kurslar\u0131 etkinlikleri kapsam\u0131nda \u00f6\u011frencilerimizle bir araya geldi&#8221; ifadeleri kullan\u0131ld\u0131.<br \/><\/p>\n","protected":false},"excerpt":{"rendered":"<p>Ayd\u0131n\u2019\u0131n Ko\u00e7arl\u0131 il\u00e7esinde d\u00fczenlenen Yaz Kur\u2019an Kursu etkinliklerine kat\u0131lan Kaymakam Ramazan Ta\u015fk\u0131n, \u00f6\u011frencilerle bir araya geldi. Yaz aylar\u0131nda camilerde ve kurs merkezlerinde a\u00e7\u0131lan Yaz Kur\u2019an Kurslar\u0131, \u00f6\u011frencilerin hem dini bilgiler \u00f6\u011frendi\u011fi hem de sosyal etkinliklerle keyifli zaman ge\u00e7irdi\u011fi bir ortam sunmaya devam ediyor. Ayd\u0131n\u2019\u0131n Ko\u00e7arl\u0131 il\u00e7esinde de \u00e7ocuklar, Kur\u2019an-\u0131 Kerim \u00f6\u011frenmenin yan\u0131 s\u0131ra \u00e7e\u015fitli faaliyetlerle&#8230;<\/p>\n","protected":false},"author":1,"featured_media":45809,"comment_status":"open","ping_status":"open","sticky":false,"template":"","format":"standard","meta":{"_crdt_document":"","footnotes":""},"categories":[1],"tags":[],"class_list":["post-45808","post","type-post","status-publish","format-standard","has-post-thumbnail","hentry","category-guncel"],"_links":{"self":[{"href":"https:\/\/www.egemtv.com\/index.php?rest_route=\/wp\/v2\/posts\/45808","targetHints":{"allow":["GET"]}}],"collection":[{"href":"https:\/\/www.egemtv.com\/index.php?rest_route=\/wp\/v2\/posts"}],"about":[{"href":"https:\/\/www.egemtv.com\/index.php?rest_route=\/wp\/v2\/types\/post"}],"author":[{"embeddable":true,"href":"https:\/\/www.egemtv.com\/index.php?rest_route=\/wp\/v2\/users\/1"}],"replies":[{"embeddable":true,"href":"https:\/\/www.egemtv.com\/index.php?rest_route=%2Fwp%2Fv2%2Fcomments&post=45808"}],"version-history":[{"count":1,"href":"https:\/\/www.egemtv.com\/index.php?rest_route=\/wp\/v2\/posts\/45808\/revisions"}],"predecessor-version":[{"id":45810,"href":"https:\/\/www.egemtv.com\/index.php?rest_route=\/wp\/v2\/posts\/45808\/revisions\/45810"}],"wp:featuredmedia":[{"embeddable":true,"href":"https:\/\/www.egemtv.com\/index.php?rest_route=\/wp\/v2\/media\/45809"}],"wp:attachment":[{"href":"https:\/\/www.egemtv.com\/index.php?rest_route=%2Fwp%2Fv2%2Fmedia&parent=45808"}],"wp:term":[{"taxonomy":"category","embeddable":true,"href":"https:\/\/www.egemtv.com\/index.php?rest_route=%2Fwp%2Fv2%2Fcategories&post=45808"},{"taxonomy":"post_tag","embeddable":true,"href":"https:\/\/www.egemtv.com\/index.php?rest_route=%2Fwp%2Fv2%2Ftags&post=45808"}],"curies":[{"name":"wp","href":"https:\/\/api.w.org\/{rel}","templated":true}]}}