{"id":45757,"date":"2025-07-30T23:34:47","date_gmt":"2025-07-30T20:34:47","guid":{"rendered":"https:\/\/www.egemtv.com\/?p=45757"},"modified":"2025-07-30T23:34:48","modified_gmt":"2025-07-30T20:34:48","slug":"yunusemre-belediyespor-u17-turkiye-sampiyonu-oldu","status":"publish","type":"post","link":"https:\/\/www.egemtv.com\/?p=45757","title":{"rendered":"Yunusemre Belediyespor U17 T\u00fcrkiye \u015eampiyonu oldu"},"content":{"rendered":"<p>Manisa temsilcisi Yunusemre Belediyespor, Yalova\u2019da d\u00fczenlenen U17 T\u00fcrkiye Futbol \u015eampiyonas\u0131 finalinde Ankara ekibi Polatl\u0131 Gen\u00e7lerg\u00fcc\u00fc\u2019n\u00fc penalt\u0131 at\u0131\u015flar\u0131 sonucunda 5-3 ma\u011flup ederek T\u00fcrkiye \u015fampiyonu oldu.<br \/>\n<br \/>Yalova Atat\u00fcrk Stadyumu\u2019nda oynanan final kar\u015f\u0131la\u015fmas\u0131n\u0131n normal s\u00fcresi 1-1 sona ererken, seri penalt\u0131 at\u0131\u015flar\u0131nda rakibine 4-2 \u00fcst\u00fcnl\u00fck kuran Yunusemre Belediyespor, toplam skorda 5-3\u2019l\u00fck galibiyetle T\u00fcrkiye \u015fampiyonlu\u011funa ula\u015ft\u0131.<br \/>\n<br \/>Final ma\u00e7\u0131n\u0131 Yunusemre Belediye Ba\u015fkan\u0131 Semih Balaban, Belediye Ba\u015fkan Yard\u0131mc\u0131lar\u0131 Hakan G\u00fcrtunca ve Haydar \u0130zci, Yunusemre Belediyespor Kul\u00fcp Ba\u015fkan\u0131 B\u00fclent Kanik, kul\u00fcp y\u00f6neticileri, \u00e7e\u015fitli kurum m\u00fcd\u00fcrleri ve \u00e7ok say\u0131da taraftar trib\u00fcnden takip etti.<br \/>\n<br \/>Kar\u015f\u0131la\u015fma sonunda b\u00fcy\u00fck sevin\u00e7 ya\u015fayan Yunusemre Belediye Ba\u015fkan\u0131 Semih Balaban, sahaya inerek y\u00f6netim, teknik heyet ve futbolcularla birlikte \u015fampiyonlu\u011fu kutlad\u0131.<br \/>\n<br \/>Ba\u015fkan Balaban, \u015fampiyonluk kupas\u0131n\u0131 ve alt\u0131n madalyalar\u0131 T\u00fcrkiye Futbol Federasyonu Amat\u00f6r \u0130\u015fler Kurulu Ba\u015fkan\u0131 Sel\u00e7uk Azeri ile birlikte takdim etti.<br \/>\n<br \/>Kutlamalar\u0131n ard\u0131ndan konu\u015fan Ba\u015fkan Balaban, &#8220;Gen\u00e7lerimiz azimle, inan\u00e7la ve tak\u0131m ruhuyla b\u00fcy\u00fck bir ba\u015far\u0131ya imza att\u0131. Yunusemre Belediyesporumuz U17 T\u00fcrkiye \u015fampiyonu oldu. Bu tarihi ba\u015far\u0131, 220 tak\u0131m aras\u0131nda zirveye \u00e7\u0131kman\u0131n gururudur. Sporcular\u0131m\u0131z\u0131, teknik heyetimizi, kul\u00fcp ba\u015fkan\u0131m\u0131z\u0131, y\u00f6netimimizi ve eme\u011fi ge\u00e7en herkesi y\u00fcrekten kutluyorum. Daha sportif bir Yunusemre hedefiyle amat\u00f6r spora olan deste\u011fimizi s\u00fcrd\u00fcrece\u011fiz.&#8221; dedi.<br \/>\n<br \/>Yunusemre Belediyespor\u2019un elde etti\u011fi bu tarihi ba\u015far\u0131, Manisa\u2019da b\u00fcy\u00fck sevin\u00e7le kar\u015f\u0131land\u0131.<br \/><\/p>\n","protected":false},"excerpt":{"rendered":"<p>Manisa temsilcisi Yunusemre Belediyespor, Yalova\u2019da d\u00fczenlenen U17 T\u00fcrkiye Futbol \u015eampiyonas\u0131 finalinde Ankara ekibi Polatl\u0131 Gen\u00e7lerg\u00fcc\u00fc\u2019n\u00fc penalt\u0131 at\u0131\u015flar\u0131 sonucunda 5-3 ma\u011flup ederek T\u00fcrkiye \u015fampiyonu oldu. Yalova Atat\u00fcrk Stadyumu\u2019nda oynanan final kar\u015f\u0131la\u015fmas\u0131n\u0131n normal s\u00fcresi 1-1 sona ererken, seri penalt\u0131 at\u0131\u015flar\u0131nda rakibine 4-2 \u00fcst\u00fcnl\u00fck kuran Yunusemre Belediyespor, toplam skorda 5-3\u2019l\u00fck galibiyetle T\u00fcrkiye \u015fampiyonlu\u011funa ula\u015ft\u0131. Final ma\u00e7\u0131n\u0131 Yunusemre Belediye&#8230;<\/p>\n","protected":false},"author":1,"featured_media":45758,"comment_status":"open","ping_status":"open","sticky":false,"template":"","format":"standard","meta":{"_crdt_document":"","footnotes":""},"categories":[4],"tags":[],"class_list":["post-45757","post","type-post","status-publish","format-standard","has-post-thumbnail","hentry","category-spor"],"_links":{"self":[{"href":"https:\/\/www.egemtv.com\/index.php?rest_route=\/wp\/v2\/posts\/45757","targetHints":{"allow":["GET"]}}],"collection":[{"href":"https:\/\/www.egemtv.com\/index.php?rest_route=\/wp\/v2\/posts"}],"about":[{"href":"https:\/\/www.egemtv.com\/index.php?rest_route=\/wp\/v2\/types\/post"}],"author":[{"embeddable":true,"href":"https:\/\/www.egemtv.com\/index.php?rest_route=\/wp\/v2\/users\/1"}],"replies":[{"embeddable":true,"href":"https:\/\/www.egemtv.com\/index.php?rest_route=%2Fwp%2Fv2%2Fcomments&post=45757"}],"version-history":[{"count":1,"href":"https:\/\/www.egemtv.com\/index.php?rest_route=\/wp\/v2\/posts\/45757\/revisions"}],"predecessor-version":[{"id":45759,"href":"https:\/\/www.egemtv.com\/index.php?rest_route=\/wp\/v2\/posts\/45757\/revisions\/45759"}],"wp:featuredmedia":[{"embeddable":true,"href":"https:\/\/www.egemtv.com\/index.php?rest_route=\/wp\/v2\/media\/45758"}],"wp:attachment":[{"href":"https:\/\/www.egemtv.com\/index.php?rest_route=%2Fwp%2Fv2%2Fmedia&parent=45757"}],"wp:term":[{"taxonomy":"category","embeddable":true,"href":"https:\/\/www.egemtv.com\/index.php?rest_route=%2Fwp%2Fv2%2Fcategories&post=45757"},{"taxonomy":"post_tag","embeddable":true,"href":"https:\/\/www.egemtv.com\/index.php?rest_route=%2Fwp%2Fv2%2Ftags&post=45757"}],"curies":[{"name":"wp","href":"https:\/\/api.w.org\/{rel}","templated":true}]}}