{"id":45754,"date":"2025-07-30T22:35:32","date_gmt":"2025-07-30T19:35:32","guid":{"rendered":"https:\/\/www.egemtv.com\/?p=45754"},"modified":"2025-07-30T22:35:33","modified_gmt":"2025-07-30T19:35:33","slug":"tamir-icin-ciktigi-catidan-duserek-oldu","status":"publish","type":"post","link":"https:\/\/www.egemtv.com\/?p=45754","title":{"rendered":"Tamir i\u00e7in \u00e7\u0131kt\u0131\u011f\u0131 \u00e7at\u0131dan d\u00fc\u015ferek \u00f6ld\u00fc"},"content":{"rendered":"<p>Ayd\u0131n Ku\u015fadas\u0131\u2019nda g\u00fcne\u015f enerjisi tamiri i\u00e7in \u00e7\u0131kt\u0131\u011f\u0131 \u00e7at\u0131dan dengesini kaybedip verandan\u0131n \u00fczerine ba\u015f a\u015fa\u011f\u0131 d\u00fc\u015fen Y\u0131ld\u0131ray Karag\u00f6z hayat\u0131n\u0131 kaybetti.<br \/>\n<br \/>Olay, Ku\u015fadas\u0131\u2019na ba\u011fl\u0131 Davutlar Mahallesi Yeni Simge Kent sitesinde saat 19.00 s\u0131ralar\u0131nda meydana geldi. Edinilen bilgiye g\u00f6re, g\u00fcne\u015f enerjisi tamiri i\u00e7in evin \u00e7at\u0131s\u0131na \u00e7\u0131kan Y\u0131ld\u0131ray Karag\u00f6z (58) dengesini kaybedip yakla\u015f\u0131k yakla\u015f\u0131k 6 metre y\u00fckseklikten verandan\u0131n \u00fczerine d\u00fc\u015ft\u00fc. Kom\u015fular\u0131n 112\u2019ye ihbar\u0131 \u00fczerine olay yerine polis ve sa\u011fl\u0131k ekipleri sevk edildi. Sa\u011fl\u0131k ekiplerinin yapt\u0131\u011f\u0131 kontrolde talihsiz adam\u0131n hayat\u0131n\u0131 kaybetti\u011fi belirlendi. Karag\u00f6z\u2019\u00fcn cans\u0131z bedeni Ku\u015fadas\u0131 Devlet Hastanesi morguna kald\u0131r\u0131ld\u0131. Polis olayla ilgili soru\u015fturma ba\u015flatt\u0131.<br \/><\/p>\n","protected":false},"excerpt":{"rendered":"<p>Ayd\u0131n Ku\u015fadas\u0131\u2019nda g\u00fcne\u015f enerjisi tamiri i\u00e7in \u00e7\u0131kt\u0131\u011f\u0131 \u00e7at\u0131dan dengesini kaybedip verandan\u0131n \u00fczerine ba\u015f a\u015fa\u011f\u0131 d\u00fc\u015fen Y\u0131ld\u0131ray Karag\u00f6z hayat\u0131n\u0131 kaybetti. Olay, Ku\u015fadas\u0131\u2019na ba\u011fl\u0131 Davutlar Mahallesi Yeni Simge Kent sitesinde saat 19.00 s\u0131ralar\u0131nda meydana geldi. Edinilen bilgiye g\u00f6re, g\u00fcne\u015f enerjisi tamiri i\u00e7in evin \u00e7at\u0131s\u0131na \u00e7\u0131kan Y\u0131ld\u0131ray Karag\u00f6z (58) dengesini kaybedip yakla\u015f\u0131k yakla\u015f\u0131k 6 metre y\u00fckseklikten verandan\u0131n \u00fczerine&#8230;<\/p>\n","protected":false},"author":1,"featured_media":45755,"comment_status":"open","ping_status":"open","sticky":false,"template":"","format":"standard","meta":{"_crdt_document":"","footnotes":""},"categories":[5],"tags":[],"class_list":["post-45754","post","type-post","status-publish","format-standard","has-post-thumbnail","hentry","category-asayis"],"_links":{"self":[{"href":"https:\/\/www.egemtv.com\/index.php?rest_route=\/wp\/v2\/posts\/45754","targetHints":{"allow":["GET"]}}],"collection":[{"href":"https:\/\/www.egemtv.com\/index.php?rest_route=\/wp\/v2\/posts"}],"about":[{"href":"https:\/\/www.egemtv.com\/index.php?rest_route=\/wp\/v2\/types\/post"}],"author":[{"embeddable":true,"href":"https:\/\/www.egemtv.com\/index.php?rest_route=\/wp\/v2\/users\/1"}],"replies":[{"embeddable":true,"href":"https:\/\/www.egemtv.com\/index.php?rest_route=%2Fwp%2Fv2%2Fcomments&post=45754"}],"version-history":[{"count":1,"href":"https:\/\/www.egemtv.com\/index.php?rest_route=\/wp\/v2\/posts\/45754\/revisions"}],"predecessor-version":[{"id":45756,"href":"https:\/\/www.egemtv.com\/index.php?rest_route=\/wp\/v2\/posts\/45754\/revisions\/45756"}],"wp:featuredmedia":[{"embeddable":true,"href":"https:\/\/www.egemtv.com\/index.php?rest_route=\/wp\/v2\/media\/45755"}],"wp:attachment":[{"href":"https:\/\/www.egemtv.com\/index.php?rest_route=%2Fwp%2Fv2%2Fmedia&parent=45754"}],"wp:term":[{"taxonomy":"category","embeddable":true,"href":"https:\/\/www.egemtv.com\/index.php?rest_route=%2Fwp%2Fv2%2Fcategories&post=45754"},{"taxonomy":"post_tag","embeddable":true,"href":"https:\/\/www.egemtv.com\/index.php?rest_route=%2Fwp%2Fv2%2Ftags&post=45754"}],"curies":[{"name":"wp","href":"https:\/\/api.w.org\/{rel}","templated":true}]}}