{"id":45751,"date":"2025-07-30T22:14:52","date_gmt":"2025-07-30T19:14:52","guid":{"rendered":"https:\/\/www.egemtv.com\/?p=45751"},"modified":"2025-07-30T22:14:53","modified_gmt":"2025-07-30T19:14:53","slug":"vali-akbiyik-basarili-ogrencileri-agirladi","status":"publish","type":"post","link":"https:\/\/www.egemtv.com\/?p=45751","title":{"rendered":"Vali Akb\u0131y\u0131k ba\u015far\u0131l\u0131 \u00f6\u011frencileri a\u011f\u0131rlad\u0131"},"content":{"rendered":"<p>2025 Y\u00fcksek\u00f6\u011fretim Kurumlar\u0131 s\u0131nav\u0131nda (YKS) ilk bine giren \u00f6\u011frenciler Vali Dr. \u0130dris Akb\u0131y\u0131k\u2019\u0131 ziyaret etti.<\/p>\n<p>S\u0131cak ve samimi ge\u00e7en g\u00f6r\u00fc\u015fmede \u00f6\u011frenciler elde ettikleri ba\u015far\u0131lar\u0131n ard\u0131ndaki s\u00fcre\u00e7leri ve hedeflerini Vali Akb\u0131y\u0131k ile payla\u015ft\u0131. \u00d6\u011frencileri tek tek tebrik eden Vali Akb\u0131y\u0131k, gen\u00e7lerin azmi, \u00e7al\u0131\u015fkanl\u0131\u011f\u0131 ve disiplinli haz\u0131rl\u0131k s\u00fcrecinin bu \u00f6nemli ba\u015far\u0131ya zemin haz\u0131rlad\u0131\u011f\u0131n\u0131 belirterek bu gurur verici sonucun arkas\u0131nda b\u00fcy\u00fck bir emek ve i\u015f birli\u011fi oldu\u011funu s\u00f6yledi. Bu ba\u015far\u0131n\u0131n \u00f6\u011frencilerin azmi, ailelerinin deste\u011fi, \u00f6\u011fretmenlerin ve okul y\u00f6neticilerinin \u00f6zverili \u00e7al\u0131\u015fmalar\u0131yla kazan\u0131ld\u0131\u011f\u0131n\u0131 belirten Vali Akb\u0131y\u0131k, \u00f6\u011frencileri, ailelerini \u00f6\u011fretmenlerini, okul idarecilerini ve ba\u015far\u0131da eme\u011fi ge\u00e7enleri tebrik etti.<\/p>\n<p>Ziyaretin sonunda Mu\u011fla Valisi Dr. \u0130dris Akb\u0131y\u0131k, \u00f6\u011frencilere \u00e7e\u015fitli hediyeler vererek ba\u015far\u0131lar\u0131n\u0131n devam\u0131n\u0131 diledi.<br \/><\/p>\n","protected":false},"excerpt":{"rendered":"<p>2025 Y\u00fcksek\u00f6\u011fretim Kurumlar\u0131 s\u0131nav\u0131nda (YKS) ilk bine giren \u00f6\u011frenciler Vali Dr. \u0130dris Akb\u0131y\u0131k\u2019\u0131 ziyaret etti. S\u0131cak ve samimi ge\u00e7en g\u00f6r\u00fc\u015fmede \u00f6\u011frenciler elde ettikleri ba\u015far\u0131lar\u0131n ard\u0131ndaki s\u00fcre\u00e7leri ve hedeflerini Vali Akb\u0131y\u0131k ile payla\u015ft\u0131. \u00d6\u011frencileri tek tek tebrik eden Vali Akb\u0131y\u0131k, gen\u00e7lerin azmi, \u00e7al\u0131\u015fkanl\u0131\u011f\u0131 ve disiplinli haz\u0131rl\u0131k s\u00fcrecinin bu \u00f6nemli ba\u015far\u0131ya zemin haz\u0131rlad\u0131\u011f\u0131n\u0131 belirterek bu gurur verici&#8230;<\/p>\n","protected":false},"author":1,"featured_media":45752,"comment_status":"open","ping_status":"open","sticky":false,"template":"","format":"standard","meta":{"_crdt_document":"","footnotes":""},"categories":[1],"tags":[],"class_list":["post-45751","post","type-post","status-publish","format-standard","has-post-thumbnail","hentry","category-guncel"],"_links":{"self":[{"href":"https:\/\/www.egemtv.com\/index.php?rest_route=\/wp\/v2\/posts\/45751","targetHints":{"allow":["GET"]}}],"collection":[{"href":"https:\/\/www.egemtv.com\/index.php?rest_route=\/wp\/v2\/posts"}],"about":[{"href":"https:\/\/www.egemtv.com\/index.php?rest_route=\/wp\/v2\/types\/post"}],"author":[{"embeddable":true,"href":"https:\/\/www.egemtv.com\/index.php?rest_route=\/wp\/v2\/users\/1"}],"replies":[{"embeddable":true,"href":"https:\/\/www.egemtv.com\/index.php?rest_route=%2Fwp%2Fv2%2Fcomments&post=45751"}],"version-history":[{"count":1,"href":"https:\/\/www.egemtv.com\/index.php?rest_route=\/wp\/v2\/posts\/45751\/revisions"}],"predecessor-version":[{"id":45753,"href":"https:\/\/www.egemtv.com\/index.php?rest_route=\/wp\/v2\/posts\/45751\/revisions\/45753"}],"wp:featuredmedia":[{"embeddable":true,"href":"https:\/\/www.egemtv.com\/index.php?rest_route=\/wp\/v2\/media\/45752"}],"wp:attachment":[{"href":"https:\/\/www.egemtv.com\/index.php?rest_route=%2Fwp%2Fv2%2Fmedia&parent=45751"}],"wp:term":[{"taxonomy":"category","embeddable":true,"href":"https:\/\/www.egemtv.com\/index.php?rest_route=%2Fwp%2Fv2%2Fcategories&post=45751"},{"taxonomy":"post_tag","embeddable":true,"href":"https:\/\/www.egemtv.com\/index.php?rest_route=%2Fwp%2Fv2%2Ftags&post=45751"}],"curies":[{"name":"wp","href":"https:\/\/api.w.org\/{rel}","templated":true}]}}