{"id":45748,"date":"2025-07-30T21:54:33","date_gmt":"2025-07-30T18:54:33","guid":{"rendered":"https:\/\/www.egemtv.com\/?p=45748"},"modified":"2025-07-30T21:54:34","modified_gmt":"2025-07-30T18:54:34","slug":"fethiyede-motosiklet-ile-hafif-ticari-arac-carpisti-1-olu","status":"publish","type":"post","link":"https:\/\/www.egemtv.com\/?p=45748","title":{"rendered":"Fethiye\u2019de motosiklet ile hafif ticari ara\u00e7 \u00e7arp\u0131\u015ft\u0131: 1 \u00f6l\u00fc"},"content":{"rendered":"<p>Mu\u011fla\u2019n\u0131n Fethiye il\u00e7esinde motosiklet ile hafif ticari arac\u0131n \u00e7arp\u0131\u015ft\u0131\u011f\u0131 kazada motosiklet s\u00fcr\u00fcc\u00fcs\u00fc hayat\u0131n\u0131 kaybetti.<br \/>\n<br \/>Edinilen bilgiye g\u00f6re, Kara\u00e7ulha Mahallesi Esenk\u00f6y yolunda, Osman Kirezli idaresindeki 48 ASD 362 plakal\u0131 motosiklet ile E.B. y\u00f6netimindeki 48 ABJ 827 plakal\u0131 hafif ticari ara\u00e7 \u00e7arp\u0131\u015ft\u0131. Kazan\u0131n 112 Acil \u00c7a\u011fr\u0131 Merkezi\u2019ne bildirmesi \u00fczerine b\u00f6lgeye sa\u011fl\u0131k ve polis ekipleri sevk edildi. Kazada a\u011f\u0131r yaralanan Kirezli, olay yerindeki ilk m\u00fcdahalenin ard\u0131ndan kald\u0131r\u0131ld\u0131\u011f\u0131 hastanede yap\u0131lan m\u00fcdahalelere ra\u011fmen hayat\u0131n\u0131 kaybetti.<\/p>\n<p>Kaza an\u0131 kameraya yans\u0131d\u0131<br \/>\n<br \/>B\u00f6lgedeki i\u015f yerinin g\u00fcvenlik kameras\u0131na yans\u0131yan g\u00f6r\u00fcnt\u00fcde, bir s\u00fcre yolun sa\u011f\u0131nda bekleyen hafif ticari arac\u0131n d\u00f6n\u00fc\u015f yapt\u0131\u011f\u0131 s\u0131rada motosikletle \u00e7arp\u0131\u015fma an\u0131 yer al\u0131yor.<br \/><\/p>\n","protected":false},"excerpt":{"rendered":"<p>Mu\u011fla\u2019n\u0131n Fethiye il\u00e7esinde motosiklet ile hafif ticari arac\u0131n \u00e7arp\u0131\u015ft\u0131\u011f\u0131 kazada motosiklet s\u00fcr\u00fcc\u00fcs\u00fc hayat\u0131n\u0131 kaybetti. Edinilen bilgiye g\u00f6re, Kara\u00e7ulha Mahallesi Esenk\u00f6y yolunda, Osman Kirezli idaresindeki 48 ASD 362 plakal\u0131 motosiklet ile E.B. y\u00f6netimindeki 48 ABJ 827 plakal\u0131 hafif ticari ara\u00e7 \u00e7arp\u0131\u015ft\u0131. Kazan\u0131n 112 Acil \u00c7a\u011fr\u0131 Merkezi\u2019ne bildirmesi \u00fczerine b\u00f6lgeye sa\u011fl\u0131k ve polis ekipleri sevk edildi. Kazada&#8230;<\/p>\n","protected":false},"author":1,"featured_media":45749,"comment_status":"open","ping_status":"open","sticky":false,"template":"","format":"standard","meta":{"_crdt_document":"","footnotes":""},"categories":[5],"tags":[],"class_list":["post-45748","post","type-post","status-publish","format-standard","has-post-thumbnail","hentry","category-asayis"],"_links":{"self":[{"href":"https:\/\/www.egemtv.com\/index.php?rest_route=\/wp\/v2\/posts\/45748","targetHints":{"allow":["GET"]}}],"collection":[{"href":"https:\/\/www.egemtv.com\/index.php?rest_route=\/wp\/v2\/posts"}],"about":[{"href":"https:\/\/www.egemtv.com\/index.php?rest_route=\/wp\/v2\/types\/post"}],"author":[{"embeddable":true,"href":"https:\/\/www.egemtv.com\/index.php?rest_route=\/wp\/v2\/users\/1"}],"replies":[{"embeddable":true,"href":"https:\/\/www.egemtv.com\/index.php?rest_route=%2Fwp%2Fv2%2Fcomments&post=45748"}],"version-history":[{"count":1,"href":"https:\/\/www.egemtv.com\/index.php?rest_route=\/wp\/v2\/posts\/45748\/revisions"}],"predecessor-version":[{"id":45750,"href":"https:\/\/www.egemtv.com\/index.php?rest_route=\/wp\/v2\/posts\/45748\/revisions\/45750"}],"wp:featuredmedia":[{"embeddable":true,"href":"https:\/\/www.egemtv.com\/index.php?rest_route=\/wp\/v2\/media\/45749"}],"wp:attachment":[{"href":"https:\/\/www.egemtv.com\/index.php?rest_route=%2Fwp%2Fv2%2Fmedia&parent=45748"}],"wp:term":[{"taxonomy":"category","embeddable":true,"href":"https:\/\/www.egemtv.com\/index.php?rest_route=%2Fwp%2Fv2%2Fcategories&post=45748"},{"taxonomy":"post_tag","embeddable":true,"href":"https:\/\/www.egemtv.com\/index.php?rest_route=%2Fwp%2Fv2%2Ftags&post=45748"}],"curies":[{"name":"wp","href":"https:\/\/api.w.org\/{rel}","templated":true}]}}