{"id":45745,"date":"2025-07-30T21:34:40","date_gmt":"2025-07-30T18:34:40","guid":{"rendered":"https:\/\/www.egemtv.com\/?p=45745"},"modified":"2025-07-30T21:34:41","modified_gmt":"2025-07-30T18:34:41","slug":"muglada-yesilyurt-kadin-yasam-merkezi-acildi","status":"publish","type":"post","link":"https:\/\/www.egemtv.com\/?p=45745","title":{"rendered":"Mu\u011fla\u2019da Ye\u015filyurt Kad\u0131n Ya\u015fam Merkezi a\u00e7\u0131ld\u0131"},"content":{"rendered":"<p>Mu\u011fla B\u00fcy\u00fck\u015fehir Belediyesi taraf\u0131ndan Mente\u015fe il\u00e7esine ba\u011fl\u0131 Ye\u015filyurt Mahallesi\u2019nde Kad\u0131n Ya\u015fam Merkezi a\u00e7\u0131ld\u0131. A\u00e7\u0131l\u0131\u015fa Mu\u011fla B\u00fcy\u00fck\u015fehir Belediye Ba\u015fkan\u0131 Ahmet Aras ile Mente\u015fe Belediye Ba\u015fkan\u0131 Gonca K\u00f6ksal Aras da kat\u0131larak birer konu\u015fma yapt\u0131.<\/p>\n<p>Kad\u0131nlar\u0131n sosyal ve ekonomik ya\u015famda daha fazla yer alabilmesi amac\u0131yla hayata ge\u00e7irilen merkez, b\u00f6lge halk\u0131 taraf\u0131ndan da memnuniyetle kar\u015f\u0131land\u0131.<\/p>\n<p>A\u00e7\u0131l\u0131\u015fta konu\u015fan Mente\u015fe Belediye Ba\u015fkan\u0131 Gonca K\u00f6ksal Aras, Ye\u015filyurt\u2019un tarihi ve k\u00fclt\u00fcrel de\u011ferlerine dikkat \u00e7ekerek, belde belediyelerinin kapanmas\u0131ndan sonra at\u0131l kalan yap\u0131lar\u0131 yeniden i\u015flevlendirmeye ba\u015flad\u0131klar\u0131n\u0131 vurgulad\u0131. K\u00f6ksal Aras, &#8220;2014\u2019te B\u00fcy\u00fck\u015fehir Yasas\u0131\u2019yla beldeler mahalleye d\u00f6n\u00fc\u015f\u00fcnce buradaki belediye binalar\u0131 y\u0131llarca kapal\u0131 kald\u0131. G\u00f6reve geldi\u011fimde bu durum beni \u00e7ok \u00fczd\u00fc. Bay\u0131r\u2019da Kad\u0131n Ya\u015fam Merkezimizi a\u00e7t\u0131k, \u015fimdi Ye\u015filyurt\u2019tay\u0131z. Kafaca ve Yerkesik\u2019te de ayn\u0131 \u00e7al\u0131\u015fmalar\u0131 s\u00fcrd\u00fcr\u00fcyoruz. Bu binalar at\u0131l kalmas\u0131n istiyoruz&#8221; dedi.<\/p>\n<p>Ye\u015filyurt\u2019un do\u011fas\u0131, tarihi ve bereketiyle \u00f6zel bir yer oldu\u011funu s\u00f6yleyen Ba\u015fkan Aras, &#8220;Pisi Antik Kenti, ulu \u00e7\u0131narlar\u0131, kadim zeytinlikleriyle bu b\u00f6lge g\u00f6zbebe\u011fimiz. Pisili Hoca\u2019n\u0131n Kanuni Sultan S\u00fcleyman\u2019a bir avu\u00e7 pirin\u00e7le yapt\u0131\u011f\u0131 pilav hik\u00e2yesi bile bu topraklar\u0131n bereketini anlat\u0131r&#8221; diyerek b\u00f6lgeye olan sevgisini dile getirdi.<\/p>\n<p>Kad\u0131nlar\u0131n bu merkezlerde yaln\u0131z olmad\u0131klar\u0131n\u0131 hissedeceklerini belirten K\u00f6ksal Aras, &#8220;Kad\u0131n burada \u00fcretecek, ekonomiye katk\u0131 sunacak, hayat\u0131na dokunacak. K\u00fc\u00e7\u00fcc\u00fck bir destekle yeniden aya\u011fa kalkacak. Amac\u0131m\u0131z, kad\u0131nlara yaln\u0131z olmad\u0131klar\u0131n\u0131 g\u00f6stermek. Buralar dayan\u0131\u015fma ve umut merkezleri olacak&#8221; diye konu\u015ftu.<\/p>\n<p>Ahmet Aras: &#8220;Kad\u0131nlar\u0131n \u00f6n\u00fcn\u00fc a\u00e7arsak her \u015fey de\u011fi\u015fir&#8221;<br \/>\n<br \/>Mu\u011fla B\u00fcy\u00fck\u015fehir Belediye Ba\u015fkan\u0131 Ahmet Aras da a\u00e7\u0131l\u0131\u015fta yapt\u0131\u011f\u0131 konu\u015fmada, kad\u0131nlar\u0131n hayat\u0131n her alan\u0131nda daha fazla yer almas\u0131 gerekti\u011fine dikkat \u00e7ekti. Aras, &#8220;Bu merkez \u00e7ok \u00f6nceden faaliyete ge\u00e7ti asl\u0131nda. Kad\u0131nlardan gelen geri d\u00f6n\u00fc\u015fler \u00e7ok olumlu. Bodrum\u2019da g\u00f6reve geldi\u011fimde kad\u0131n dayan\u0131\u015fma grubunun haz\u0131rlad\u0131\u011f\u0131 manifestoyu imzalad\u0131m. Sonra bana s\u00f6z\u00fcm\u00fc hat\u0131rlatt\u0131lar. \u2018Sen sadece \u00f6n\u00fcm\u00fcz\u00fc a\u00e7, gerisini biz hallederiz\u2019 dediler. Ger\u00e7ekten de \u00f6yle oldu&#8221; ifadelerini kulland\u0131.<\/p>\n<p>Kad\u0131nlar\u0131n siyasette, b\u00fcrokraside, ekonomide ve sosyal ya\u015famda daha fazla yer almas\u0131 gerekti\u011fini s\u00f6yleyen Aras, &#8220;Kad\u0131n bar\u0131\u015ftan yanad\u0131r, sevgiden yanad\u0131r. Kad\u0131nlar\u0131n y\u00f6netti\u011fi bir d\u00fcnyada sava\u015flar olmaz. Erkek politikac\u0131lar y\u0131llarca kad\u0131nlar\u0131n \u00f6n\u00fcn\u00fc kapatt\u0131. Kad\u0131n\u0131n yeri evidir gibi kal\u0131plarla bask\u0131 kuruldu. Ama kad\u0131nlar bu engelleri a\u015ft\u0131\u011f\u0131nda, k\u00fcrs\u00fclere \u00e7\u0131kt\u0131\u011f\u0131nda bu toplum \u00e7ok daha ileriye gider&#8221; dedi.<\/p>\n<p>T\u00fcrkiye\u2019de kad\u0131n cinayetlerinin her ge\u00e7en g\u00fcn artt\u0131\u011f\u0131na da dikkat \u00e7eken Aras, &#8220;Kad\u0131nlar en yak\u0131nlar\u0131 taraf\u0131ndan \u00f6ld\u00fcr\u00fcl\u00fcyor. Bu ya\u015fla da ilgili de\u011fil. Nitelikli, e\u011fitimli bir kad\u0131n da \u00f6ld\u00fcr\u00fcl\u00fcyor, bir gen\u00e7 k\u0131z da. Toplum olarak, y\u00f6neticiler olarak bu konuda cesur olmak zorunday\u0131z. Bu m\u00fccadeleyi \u00f6z\u00fcmseyen kad\u0131nlar, bu gidi\u015fata \u2018dur\u2019 diyecek&#8221; dedi.<\/p>\n<p>Kad\u0131nlar\u0131n ya\u015fam\u0131n her alan\u0131nda daha g\u00fc\u00e7l\u00fc hale gelmesi gerekti\u011fini vurgulayan Ba\u015fkan Aras, &#8220;Kad\u0131n emek verir, ortaya koydu\u011fu \u015feyin yok olmas\u0131n\u0131 istemez. Bu y\u00fczden kad\u0131nlar\u0131n daha fazla s\u00f6z sahibi olmas\u0131, daha fazla alan bulmas\u0131 gerekir. Kad\u0131nlar\u0131n \u00f6n\u00fcn\u00fc a\u00e7arsak, toplumda huzur da e\u015fitlik de geli\u015fim de olur&#8221; \u015feklinde konu\u015ftu.<br \/><\/p>\n","protected":false},"excerpt":{"rendered":"<p>Mu\u011fla B\u00fcy\u00fck\u015fehir Belediyesi taraf\u0131ndan Mente\u015fe il\u00e7esine ba\u011fl\u0131 Ye\u015filyurt Mahallesi\u2019nde Kad\u0131n Ya\u015fam Merkezi a\u00e7\u0131ld\u0131. A\u00e7\u0131l\u0131\u015fa Mu\u011fla B\u00fcy\u00fck\u015fehir Belediye Ba\u015fkan\u0131 Ahmet Aras ile Mente\u015fe Belediye Ba\u015fkan\u0131 Gonca K\u00f6ksal Aras da kat\u0131larak birer konu\u015fma yapt\u0131. Kad\u0131nlar\u0131n sosyal ve ekonomik ya\u015famda daha fazla yer alabilmesi amac\u0131yla hayata ge\u00e7irilen merkez, b\u00f6lge halk\u0131 taraf\u0131ndan da memnuniyetle kar\u015f\u0131land\u0131. A\u00e7\u0131l\u0131\u015fta konu\u015fan Mente\u015fe Belediye&#8230;<\/p>\n","protected":false},"author":1,"featured_media":45746,"comment_status":"open","ping_status":"open","sticky":false,"template":"","format":"standard","meta":{"_crdt_document":"","footnotes":""},"categories":[1],"tags":[],"class_list":["post-45745","post","type-post","status-publish","format-standard","has-post-thumbnail","hentry","category-guncel"],"_links":{"self":[{"href":"https:\/\/www.egemtv.com\/index.php?rest_route=\/wp\/v2\/posts\/45745","targetHints":{"allow":["GET"]}}],"collection":[{"href":"https:\/\/www.egemtv.com\/index.php?rest_route=\/wp\/v2\/posts"}],"about":[{"href":"https:\/\/www.egemtv.com\/index.php?rest_route=\/wp\/v2\/types\/post"}],"author":[{"embeddable":true,"href":"https:\/\/www.egemtv.com\/index.php?rest_route=\/wp\/v2\/users\/1"}],"replies":[{"embeddable":true,"href":"https:\/\/www.egemtv.com\/index.php?rest_route=%2Fwp%2Fv2%2Fcomments&post=45745"}],"version-history":[{"count":1,"href":"https:\/\/www.egemtv.com\/index.php?rest_route=\/wp\/v2\/posts\/45745\/revisions"}],"predecessor-version":[{"id":45747,"href":"https:\/\/www.egemtv.com\/index.php?rest_route=\/wp\/v2\/posts\/45745\/revisions\/45747"}],"wp:featuredmedia":[{"embeddable":true,"href":"https:\/\/www.egemtv.com\/index.php?rest_route=\/wp\/v2\/media\/45746"}],"wp:attachment":[{"href":"https:\/\/www.egemtv.com\/index.php?rest_route=%2Fwp%2Fv2%2Fmedia&parent=45745"}],"wp:term":[{"taxonomy":"category","embeddable":true,"href":"https:\/\/www.egemtv.com\/index.php?rest_route=%2Fwp%2Fv2%2Fcategories&post=45745"},{"taxonomy":"post_tag","embeddable":true,"href":"https:\/\/www.egemtv.com\/index.php?rest_route=%2Fwp%2Fv2%2Ftags&post=45745"}],"curies":[{"name":"wp","href":"https:\/\/api.w.org\/{rel}","templated":true}]}}