{"id":45742,"date":"2025-07-30T21:34:39","date_gmt":"2025-07-30T18:34:39","guid":{"rendered":"https:\/\/www.egemtv.com\/?p=45742"},"modified":"2025-07-30T21:34:40","modified_gmt":"2025-07-30T18:34:40","slug":"marmaris-orman-sehitlerini-dualar-ile-andi","status":"publish","type":"post","link":"https:\/\/www.egemtv.com\/?p=45742","title":{"rendered":"Marmaris, orman \u015fehitlerini dualar ile and\u0131"},"content":{"rendered":"<p>Marmaris Orman \u0130\u015fletme M\u00fcd\u00fcrl\u00fc\u011f\u00fc, orman yang\u0131nlar\u0131nda hayat\u0131n\u0131 kaybeden kahramanlar\u0131 anmak ve fark\u0131ndal\u0131k olu\u015fturmak amac\u0131 ile lokma hayr\u0131 d\u00fczenledi. D\u00fczenlenen hay\u0131r etkinli\u011finde Marmaris AKUT ekibi de \u00e7ad\u0131rlar\u0131n\u0131 a\u00e7arak vatanda\u015flara lokma da\u011f\u0131tt\u0131.<br \/>\n<br \/>Marmaris Orman \u0130\u015fletme M\u00fcd\u00fcrl\u00fc\u011f\u00fc binas\u0131n\u0131n \u00f6n k\u0131sm\u0131nda d\u00fczenlenen programda, 23 Temmuz 2025 tarihinde Eski\u015fehir\u2019in Seyitgazi il\u00e7esinde \u00e7\u0131kan orman yang\u0131n\u0131na m\u00fcdahale ederken \u015fehit d\u00fc\u015fen orman i\u015f\u00e7ileri ve \u015fehit AKUT g\u00f6n\u00fcll\u00fcleri ve 2021 y\u0131l\u0131nda Marmaris yang\u0131n\u0131nda \u015fehit olan g\u00f6n\u00fcll\u00fc \u015eahin Akdemir dualarla an\u0131ld\u0131. Marmaris Kaymakam\u0131 Nurullah Kaya, Marmaris Orman \u0130\u015fletme M\u00fcd\u00fcr\u00fc G\u00f6khan \u015eahin ve Orman \u0130\u015fletme M\u00fcd\u00fcrl\u00fc\u011f\u00fc \u015fefleri ve orman i\u015f\u00e7ileri, Marmaris AKUT g\u00f6n\u00fcll\u00fcleri, Marmaris \u0130l\u00e7e Jandarma Komutan\u0131 Binba\u015f\u0131 Berker Dongul, Marmaris Devlet Hastanesi Ba\u015fhekimi Uzm. Dr. O\u011fuzhan Erciyes, Aksaz \u00dcs Komutan\u0131 Tu\u011famiral Neslim Eski, il\u00e7edeki kurum m\u00fcd\u00fcrleri ve \u00e7ok say\u0131da vatanda\u015f d\u00fczenlenen etkinli\u011fe kat\u0131larak dualar etti.<br \/><\/p>\n","protected":false},"excerpt":{"rendered":"<p>Marmaris Orman \u0130\u015fletme M\u00fcd\u00fcrl\u00fc\u011f\u00fc, orman yang\u0131nlar\u0131nda hayat\u0131n\u0131 kaybeden kahramanlar\u0131 anmak ve fark\u0131ndal\u0131k olu\u015fturmak amac\u0131 ile lokma hayr\u0131 d\u00fczenledi. D\u00fczenlenen hay\u0131r etkinli\u011finde Marmaris AKUT ekibi de \u00e7ad\u0131rlar\u0131n\u0131 a\u00e7arak vatanda\u015flara lokma da\u011f\u0131tt\u0131. Marmaris Orman \u0130\u015fletme M\u00fcd\u00fcrl\u00fc\u011f\u00fc binas\u0131n\u0131n \u00f6n k\u0131sm\u0131nda d\u00fczenlenen programda, 23 Temmuz 2025 tarihinde Eski\u015fehir\u2019in Seyitgazi il\u00e7esinde \u00e7\u0131kan orman yang\u0131n\u0131na m\u00fcdahale ederken \u015fehit d\u00fc\u015fen orman i\u015f\u00e7ileri&#8230;<\/p>\n","protected":false},"author":1,"featured_media":45743,"comment_status":"open","ping_status":"open","sticky":false,"template":"","format":"standard","meta":{"_crdt_document":"","footnotes":""},"categories":[1],"tags":[],"class_list":["post-45742","post","type-post","status-publish","format-standard","has-post-thumbnail","hentry","category-guncel"],"_links":{"self":[{"href":"https:\/\/www.egemtv.com\/index.php?rest_route=\/wp\/v2\/posts\/45742","targetHints":{"allow":["GET"]}}],"collection":[{"href":"https:\/\/www.egemtv.com\/index.php?rest_route=\/wp\/v2\/posts"}],"about":[{"href":"https:\/\/www.egemtv.com\/index.php?rest_route=\/wp\/v2\/types\/post"}],"author":[{"embeddable":true,"href":"https:\/\/www.egemtv.com\/index.php?rest_route=\/wp\/v2\/users\/1"}],"replies":[{"embeddable":true,"href":"https:\/\/www.egemtv.com\/index.php?rest_route=%2Fwp%2Fv2%2Fcomments&post=45742"}],"version-history":[{"count":1,"href":"https:\/\/www.egemtv.com\/index.php?rest_route=\/wp\/v2\/posts\/45742\/revisions"}],"predecessor-version":[{"id":45744,"href":"https:\/\/www.egemtv.com\/index.php?rest_route=\/wp\/v2\/posts\/45742\/revisions\/45744"}],"wp:featuredmedia":[{"embeddable":true,"href":"https:\/\/www.egemtv.com\/index.php?rest_route=\/wp\/v2\/media\/45743"}],"wp:attachment":[{"href":"https:\/\/www.egemtv.com\/index.php?rest_route=%2Fwp%2Fv2%2Fmedia&parent=45742"}],"wp:term":[{"taxonomy":"category","embeddable":true,"href":"https:\/\/www.egemtv.com\/index.php?rest_route=%2Fwp%2Fv2%2Fcategories&post=45742"},{"taxonomy":"post_tag","embeddable":true,"href":"https:\/\/www.egemtv.com\/index.php?rest_route=%2Fwp%2Fv2%2Ftags&post=45742"}],"curies":[{"name":"wp","href":"https:\/\/api.w.org\/{rel}","templated":true}]}}