{"id":45739,"date":"2025-07-30T20:54:50","date_gmt":"2025-07-30T17:54:50","guid":{"rendered":"https:\/\/www.egemtv.com\/?p=45739"},"modified":"2025-07-30T20:54:51","modified_gmt":"2025-07-30T17:54:51","slug":"denizlide-kaybolan-koyunlar-kirkagacta-bulundu","status":"publish","type":"post","link":"https:\/\/www.egemtv.com\/?p=45739","title":{"rendered":"Denizli\u2019de kaybolan koyunlar K\u0131rka\u011fa\u00e7\u2019ta bulundu"},"content":{"rendered":"<p>Denizli\u2019de bir vatanda\u015f\u0131 25 adet k\u00fc\u00e7\u00fckba\u015f hayvan\u0131n\u0131 alarak doland\u0131ran 2 \u015fah\u0131s Manisa\u2019da yakaland\u0131.<br \/>\n<br \/>K\u0131rka\u011fa\u00e7 \u0130l\u00e7e Emniyet M\u00fcd\u00fcrl\u00fc\u011f\u00fcnce Denizli \u0130l Jandarma Komutanl\u0131\u011f\u0131nda y\u00fcr\u00fct\u00fclen doland\u0131r\u0131c\u0131l\u0131k soru\u015fturmas\u0131 kapsam\u0131nda Cinosman, H\u0131d\u0131ra\u011fa ve Karaali mahallelerinde 6 ayr\u0131 adrese e\u015f zamanl\u0131 olarak operasyon d\u00fczenlendi. Edinilen bilgiye g\u00f6re \u015f\u00fcphelilerin Denizli ili \u00c7al il\u00e7esinde A.K. isimli vatanda\u015f\u0131, 25 adet k\u00fc\u00e7\u00fckba\u015f hayvan\u0131n\u0131n al\u0131narak doland\u0131rd\u0131klar\u0131 belirlendi. Yap\u0131lan operasyonlarda \u015f\u00fcphelilerden S.K ve E.C.O. yakalanarak g\u00f6zalt\u0131na al\u0131nd\u0131. Adreslerde yap\u0131lan aramada aranan k\u00fc\u00e7\u00fckba\u015f hayvanlar\u0131n t\u00fcm\u00fc ele ge\u00e7irildi.<br \/>\n<br \/>\u0130l\u00e7e Emniyet M\u00fcd\u00fcrl\u00fc\u011f\u00fc ekipleri vatanda\u015flar\u0131m\u0131z\u0131n bu t\u00fcr olaylara kar\u015f\u0131 ma\u011fdur duruma d\u00fc\u015fmemeleri i\u00e7in daima dikkatli ve duyarl\u0131 olmalar\u0131 gerekti\u011fini vurgulad\u0131lar.<br \/><\/p>\n","protected":false},"excerpt":{"rendered":"<p>Denizli\u2019de bir vatanda\u015f\u0131 25 adet k\u00fc\u00e7\u00fckba\u015f hayvan\u0131n\u0131 alarak doland\u0131ran 2 \u015fah\u0131s Manisa\u2019da yakaland\u0131. K\u0131rka\u011fa\u00e7 \u0130l\u00e7e Emniyet M\u00fcd\u00fcrl\u00fc\u011f\u00fcnce Denizli \u0130l Jandarma Komutanl\u0131\u011f\u0131nda y\u00fcr\u00fct\u00fclen doland\u0131r\u0131c\u0131l\u0131k soru\u015fturmas\u0131 kapsam\u0131nda Cinosman, H\u0131d\u0131ra\u011fa ve Karaali mahallelerinde 6 ayr\u0131 adrese e\u015f zamanl\u0131 olarak operasyon d\u00fczenlendi. Edinilen bilgiye g\u00f6re \u015f\u00fcphelilerin Denizli ili \u00c7al il\u00e7esinde A.K. isimli vatanda\u015f\u0131, 25 adet k\u00fc\u00e7\u00fckba\u015f hayvan\u0131n\u0131n al\u0131narak doland\u0131rd\u0131klar\u0131&#8230;<\/p>\n","protected":false},"author":1,"featured_media":45740,"comment_status":"open","ping_status":"open","sticky":false,"template":"","format":"standard","meta":{"_crdt_document":"","footnotes":""},"categories":[5],"tags":[],"class_list":["post-45739","post","type-post","status-publish","format-standard","has-post-thumbnail","hentry","category-asayis"],"_links":{"self":[{"href":"https:\/\/www.egemtv.com\/index.php?rest_route=\/wp\/v2\/posts\/45739","targetHints":{"allow":["GET"]}}],"collection":[{"href":"https:\/\/www.egemtv.com\/index.php?rest_route=\/wp\/v2\/posts"}],"about":[{"href":"https:\/\/www.egemtv.com\/index.php?rest_route=\/wp\/v2\/types\/post"}],"author":[{"embeddable":true,"href":"https:\/\/www.egemtv.com\/index.php?rest_route=\/wp\/v2\/users\/1"}],"replies":[{"embeddable":true,"href":"https:\/\/www.egemtv.com\/index.php?rest_route=%2Fwp%2Fv2%2Fcomments&post=45739"}],"version-history":[{"count":1,"href":"https:\/\/www.egemtv.com\/index.php?rest_route=\/wp\/v2\/posts\/45739\/revisions"}],"predecessor-version":[{"id":45741,"href":"https:\/\/www.egemtv.com\/index.php?rest_route=\/wp\/v2\/posts\/45739\/revisions\/45741"}],"wp:featuredmedia":[{"embeddable":true,"href":"https:\/\/www.egemtv.com\/index.php?rest_route=\/wp\/v2\/media\/45740"}],"wp:attachment":[{"href":"https:\/\/www.egemtv.com\/index.php?rest_route=%2Fwp%2Fv2%2Fmedia&parent=45739"}],"wp:term":[{"taxonomy":"category","embeddable":true,"href":"https:\/\/www.egemtv.com\/index.php?rest_route=%2Fwp%2Fv2%2Fcategories&post=45739"},{"taxonomy":"post_tag","embeddable":true,"href":"https:\/\/www.egemtv.com\/index.php?rest_route=%2Fwp%2Fv2%2Ftags&post=45739"}],"curies":[{"name":"wp","href":"https:\/\/api.w.org\/{rel}","templated":true}]}}