{"id":45736,"date":"2025-07-30T20:34:47","date_gmt":"2025-07-30T17:34:47","guid":{"rendered":"https:\/\/www.egemtv.com\/?p=45736"},"modified":"2025-07-30T20:34:47","modified_gmt":"2025-07-30T17:34:47","slug":"afyonkarahisarda-orman-yangini-2","status":"publish","type":"post","link":"https:\/\/www.egemtv.com\/?p=45736","title":{"rendered":"Afyonkarahisar\u2019da orman yang\u0131n\u0131"},"content":{"rendered":"<p>Afyonkarahisar\u2019da ormanl\u0131k alanda yang\u0131n \u00e7\u0131kt\u0131. Ekiplerin yang\u0131na m\u00fcdahalesi s\u00fcr\u00fcyor.<br \/>\n<br \/>Yang\u0131n, Hocalar il\u00e7esine ba\u011fl\u0131 \u00c7epni k\u00f6y\u00fc s\u0131n\u0131rlar\u0131 i\u00e7erisindeki ormanl\u0131k alanda \u00e7\u0131kt\u0131. Edinilen bilgilere g\u00f6re, k\u00f6y \u00e7evresindeki ormanl\u0131k alandan dumanlar\u0131n y\u00fckseldi\u011fini g\u00f6ren \u00e7evre sakinleri durumu 112 \u00c7a\u011fr\u0131 Merkezi\u2019ne bildirerek yard\u0131m istedi. \u0130hbar \u00fczerine b\u00f6lgeye orman i\u015fletme ve \u00e7evre il\u00e7e ve beldeler deki itfaiye ekipleri sevk edildi. Ekiplerin yang\u0131na karadan m\u00fcdahalesi yo\u011fun bir \u015fekilde devam ediyor.<br \/><\/p>\n","protected":false},"excerpt":{"rendered":"<p>Afyonkarahisar\u2019da ormanl\u0131k alanda yang\u0131n \u00e7\u0131kt\u0131. Ekiplerin yang\u0131na m\u00fcdahalesi s\u00fcr\u00fcyor. Yang\u0131n, Hocalar il\u00e7esine ba\u011fl\u0131 \u00c7epni k\u00f6y\u00fc s\u0131n\u0131rlar\u0131 i\u00e7erisindeki ormanl\u0131k alanda \u00e7\u0131kt\u0131. Edinilen bilgilere g\u00f6re, k\u00f6y \u00e7evresindeki ormanl\u0131k alandan dumanlar\u0131n y\u00fckseldi\u011fini g\u00f6ren \u00e7evre sakinleri durumu 112 \u00c7a\u011fr\u0131 Merkezi\u2019ne bildirerek yard\u0131m istedi. \u0130hbar \u00fczerine b\u00f6lgeye orman i\u015fletme ve \u00e7evre il\u00e7e ve beldeler deki itfaiye ekipleri sevk edildi. Ekiplerin&#8230;<\/p>\n","protected":false},"author":1,"featured_media":45737,"comment_status":"open","ping_status":"open","sticky":false,"template":"","format":"standard","meta":{"_crdt_document":"","footnotes":""},"categories":[5],"tags":[],"class_list":["post-45736","post","type-post","status-publish","format-standard","has-post-thumbnail","hentry","category-asayis"],"_links":{"self":[{"href":"https:\/\/www.egemtv.com\/index.php?rest_route=\/wp\/v2\/posts\/45736","targetHints":{"allow":["GET"]}}],"collection":[{"href":"https:\/\/www.egemtv.com\/index.php?rest_route=\/wp\/v2\/posts"}],"about":[{"href":"https:\/\/www.egemtv.com\/index.php?rest_route=\/wp\/v2\/types\/post"}],"author":[{"embeddable":true,"href":"https:\/\/www.egemtv.com\/index.php?rest_route=\/wp\/v2\/users\/1"}],"replies":[{"embeddable":true,"href":"https:\/\/www.egemtv.com\/index.php?rest_route=%2Fwp%2Fv2%2Fcomments&post=45736"}],"version-history":[{"count":1,"href":"https:\/\/www.egemtv.com\/index.php?rest_route=\/wp\/v2\/posts\/45736\/revisions"}],"predecessor-version":[{"id":45738,"href":"https:\/\/www.egemtv.com\/index.php?rest_route=\/wp\/v2\/posts\/45736\/revisions\/45738"}],"wp:featuredmedia":[{"embeddable":true,"href":"https:\/\/www.egemtv.com\/index.php?rest_route=\/wp\/v2\/media\/45737"}],"wp:attachment":[{"href":"https:\/\/www.egemtv.com\/index.php?rest_route=%2Fwp%2Fv2%2Fmedia&parent=45736"}],"wp:term":[{"taxonomy":"category","embeddable":true,"href":"https:\/\/www.egemtv.com\/index.php?rest_route=%2Fwp%2Fv2%2Fcategories&post=45736"},{"taxonomy":"post_tag","embeddable":true,"href":"https:\/\/www.egemtv.com\/index.php?rest_route=%2Fwp%2Fv2%2Ftags&post=45736"}],"curies":[{"name":"wp","href":"https:\/\/api.w.org\/{rel}","templated":true}]}}