{"id":45733,"date":"2025-07-30T20:15:16","date_gmt":"2025-07-30T17:15:16","guid":{"rendered":"https:\/\/www.egemtv.com\/?p=45733"},"modified":"2025-07-30T20:15:16","modified_gmt":"2025-07-30T17:15:16","slug":"patlican-kozlerken-ucurumdan-yuvarlandi","status":"publish","type":"post","link":"https:\/\/www.egemtv.com\/?p=45733","title":{"rendered":"Patl\u0131can k\u00f6zlerken u\u00e7urumdan yuvarland\u0131"},"content":{"rendered":"<p>Ayd\u0131n\u2019\u0131n Ku\u015fadas\u0131 il\u00e7esinde emekli bir \u00f6\u011fretmen, pazardan ald\u0131\u011f\u0131 patl\u0131canlar\u0131 arazide k\u00f6zlemek isterken \u00e7\u0131kan yang\u0131na panikle tepki verince, 25 metrelik u\u00e7urumdan yuvarland\u0131. Emekli \u00f6\u011fretmeni itfaiye ekipleri kurtard\u0131.<br \/>\n<br \/>Edinilen bilgilere g\u00f6re, Uydukent Sitesi\u2019nde ya\u015fayan emekli \u00f6\u011fretmen \u0130brahim \u015e. (63), pazardan ald\u0131\u011f\u0131 patl\u0131canlar\u0131 k\u00f6zlemek i\u00e7in evinin hemen yan\u0131ndaki tepelik alana \u00e7\u0131kt\u0131. Kuru otlar\u0131n bulundu\u011fu b\u00f6lgede bir ate\u015f \u00e7ukuru a\u00e7arak patl\u0131canlar\u0131 k\u00f6zlemeye ba\u015flayan \u0130brahim \u015e.\u2019nin yakt\u0131\u011f\u0131 ate\u015f k\u0131sa s\u00fcrede kontrolden \u00e7\u0131kt\u0131. R\u00fczgar\u0131n etkisiyle \u00e7evreye s\u0131\u00e7rayan alevler, kuru otlar\u0131 tutu\u015fturdu. Yang\u0131n\u0131 fark eden \u0130brahim \u015e., pani\u011fe kap\u0131larak bulundu\u011fu noktadan 25 metrelik u\u00e7uruma yuvarland\u0131. Ba\u015f\u0131ndan ve v\u00fccudunun \u00e7e\u015fitli yerlerinden yaralanan \u0130brahim \u015e., olay\u0131 g\u00f6ren mahalle sakinlerinin ihbar\u0131 \u00fczerine olay yerine gelen itfaiye ve sa\u011fl\u0131k ekipleri taraf\u0131ndan kurtar\u0131ld\u0131. Yang\u0131n, ekiplerin h\u0131zl\u0131 m\u00fcdahalesi sayesinde makilik alana s\u0131\u00e7ramadan kontrol alt\u0131na al\u0131nd\u0131. Emekli \u00f6\u011fretmen, ambulansla hastaneye kald\u0131r\u0131l\u0131rken, hayati tehlikesinin s\u00fcrd\u00fc\u011f\u00fc \u00f6\u011frenildi.<br \/><\/p>\n","protected":false},"excerpt":{"rendered":"<p>Ayd\u0131n\u2019\u0131n Ku\u015fadas\u0131 il\u00e7esinde emekli bir \u00f6\u011fretmen, pazardan ald\u0131\u011f\u0131 patl\u0131canlar\u0131 arazide k\u00f6zlemek isterken \u00e7\u0131kan yang\u0131na panikle tepki verince, 25 metrelik u\u00e7urumdan yuvarland\u0131. Emekli \u00f6\u011fretmeni itfaiye ekipleri kurtard\u0131. Edinilen bilgilere g\u00f6re, Uydukent Sitesi\u2019nde ya\u015fayan emekli \u00f6\u011fretmen \u0130brahim \u015e. (63), pazardan ald\u0131\u011f\u0131 patl\u0131canlar\u0131 k\u00f6zlemek i\u00e7in evinin hemen yan\u0131ndaki tepelik alana \u00e7\u0131kt\u0131. Kuru otlar\u0131n bulundu\u011fu b\u00f6lgede bir ate\u015f \u00e7ukuru&#8230;<\/p>\n","protected":false},"author":1,"featured_media":45734,"comment_status":"open","ping_status":"open","sticky":false,"template":"","format":"standard","meta":{"_crdt_document":"","footnotes":""},"categories":[5],"tags":[],"class_list":["post-45733","post","type-post","status-publish","format-standard","has-post-thumbnail","hentry","category-asayis"],"_links":{"self":[{"href":"https:\/\/www.egemtv.com\/index.php?rest_route=\/wp\/v2\/posts\/45733","targetHints":{"allow":["GET"]}}],"collection":[{"href":"https:\/\/www.egemtv.com\/index.php?rest_route=\/wp\/v2\/posts"}],"about":[{"href":"https:\/\/www.egemtv.com\/index.php?rest_route=\/wp\/v2\/types\/post"}],"author":[{"embeddable":true,"href":"https:\/\/www.egemtv.com\/index.php?rest_route=\/wp\/v2\/users\/1"}],"replies":[{"embeddable":true,"href":"https:\/\/www.egemtv.com\/index.php?rest_route=%2Fwp%2Fv2%2Fcomments&post=45733"}],"version-history":[{"count":1,"href":"https:\/\/www.egemtv.com\/index.php?rest_route=\/wp\/v2\/posts\/45733\/revisions"}],"predecessor-version":[{"id":45735,"href":"https:\/\/www.egemtv.com\/index.php?rest_route=\/wp\/v2\/posts\/45733\/revisions\/45735"}],"wp:featuredmedia":[{"embeddable":true,"href":"https:\/\/www.egemtv.com\/index.php?rest_route=\/wp\/v2\/media\/45734"}],"wp:attachment":[{"href":"https:\/\/www.egemtv.com\/index.php?rest_route=%2Fwp%2Fv2%2Fmedia&parent=45733"}],"wp:term":[{"taxonomy":"category","embeddable":true,"href":"https:\/\/www.egemtv.com\/index.php?rest_route=%2Fwp%2Fv2%2Fcategories&post=45733"},{"taxonomy":"post_tag","embeddable":true,"href":"https:\/\/www.egemtv.com\/index.php?rest_route=%2Fwp%2Fv2%2Ftags&post=45733"}],"curies":[{"name":"wp","href":"https:\/\/api.w.org\/{rel}","templated":true}]}}