{"id":45730,"date":"2025-07-30T20:15:15","date_gmt":"2025-07-30T17:15:15","guid":{"rendered":"https:\/\/www.egemtv.com\/?p=45730"},"modified":"2025-07-30T20:15:16","modified_gmt":"2025-07-30T17:15:16","slug":"kamyonette-baslayan-yangin-fabrikaya-sicradi","status":"publish","type":"post","link":"https:\/\/www.egemtv.com\/?p=45730","title":{"rendered":"Kamyonette ba\u015flayan yang\u0131n fabrikaya s\u0131\u00e7rad\u0131"},"content":{"rendered":"<p>\u0130zmir\u2019in Kemalpa\u015fa il\u00e7esinde park halindeki kamyonette ba\u015flay\u0131p fabrikaya s\u0131\u00e7rayan yang\u0131n s\u00f6nd\u00fcr\u00fcld\u00fc.<br \/>\n<br \/>Olay, Kemalpa\u015fa OSB Mahallesi 610 Sokak\u2019ta meydana geldi. Spor malzemeleri \u00fcretimi yapan bir fabrikan\u0131n bah\u00e7esinde y\u00fckleme yapan kamyonette hen\u00fcz belirlenemeyen bir nedenle yang\u0131n \u00e7\u0131kt\u0131. Kamyonette ba\u015flayan yang\u0131n k\u0131sa s\u00fcrede fabrikan\u0131n y\u00fckleme alan\u0131na s\u0131\u00e7rad\u0131. Fabrikada \u00e7al\u0131\u015fanlar\u0131n ihbar\u0131 \u00fczerine olay yerine itfaiye ve polis ekipleri sevk edildi. Yang\u0131n ekiplerin m\u00fcdahalesiyle s\u00f6nd\u00fcr\u00fcld\u00fc.<br \/>\n<br \/>Tamamen yanan kamyonet kullan\u0131lamaz hale gelirken fabrikada maddi hasar olu\u015ftu.<br \/><\/p>\n","protected":false},"excerpt":{"rendered":"<p>\u0130zmir\u2019in Kemalpa\u015fa il\u00e7esinde park halindeki kamyonette ba\u015flay\u0131p fabrikaya s\u0131\u00e7rayan yang\u0131n s\u00f6nd\u00fcr\u00fcld\u00fc. Olay, Kemalpa\u015fa OSB Mahallesi 610 Sokak\u2019ta meydana geldi. Spor malzemeleri \u00fcretimi yapan bir fabrikan\u0131n bah\u00e7esinde y\u00fckleme yapan kamyonette hen\u00fcz belirlenemeyen bir nedenle yang\u0131n \u00e7\u0131kt\u0131. Kamyonette ba\u015flayan yang\u0131n k\u0131sa s\u00fcrede fabrikan\u0131n y\u00fckleme alan\u0131na s\u0131\u00e7rad\u0131. Fabrikada \u00e7al\u0131\u015fanlar\u0131n ihbar\u0131 \u00fczerine olay yerine itfaiye ve polis ekipleri sevk&#8230;<\/p>\n","protected":false},"author":1,"featured_media":45731,"comment_status":"open","ping_status":"open","sticky":false,"template":"","format":"standard","meta":{"_crdt_document":"","footnotes":""},"categories":[5],"tags":[],"class_list":["post-45730","post","type-post","status-publish","format-standard","has-post-thumbnail","hentry","category-asayis"],"_links":{"self":[{"href":"https:\/\/www.egemtv.com\/index.php?rest_route=\/wp\/v2\/posts\/45730","targetHints":{"allow":["GET"]}}],"collection":[{"href":"https:\/\/www.egemtv.com\/index.php?rest_route=\/wp\/v2\/posts"}],"about":[{"href":"https:\/\/www.egemtv.com\/index.php?rest_route=\/wp\/v2\/types\/post"}],"author":[{"embeddable":true,"href":"https:\/\/www.egemtv.com\/index.php?rest_route=\/wp\/v2\/users\/1"}],"replies":[{"embeddable":true,"href":"https:\/\/www.egemtv.com\/index.php?rest_route=%2Fwp%2Fv2%2Fcomments&post=45730"}],"version-history":[{"count":1,"href":"https:\/\/www.egemtv.com\/index.php?rest_route=\/wp\/v2\/posts\/45730\/revisions"}],"predecessor-version":[{"id":45732,"href":"https:\/\/www.egemtv.com\/index.php?rest_route=\/wp\/v2\/posts\/45730\/revisions\/45732"}],"wp:featuredmedia":[{"embeddable":true,"href":"https:\/\/www.egemtv.com\/index.php?rest_route=\/wp\/v2\/media\/45731"}],"wp:attachment":[{"href":"https:\/\/www.egemtv.com\/index.php?rest_route=%2Fwp%2Fv2%2Fmedia&parent=45730"}],"wp:term":[{"taxonomy":"category","embeddable":true,"href":"https:\/\/www.egemtv.com\/index.php?rest_route=%2Fwp%2Fv2%2Fcategories&post=45730"},{"taxonomy":"post_tag","embeddable":true,"href":"https:\/\/www.egemtv.com\/index.php?rest_route=%2Fwp%2Fv2%2Ftags&post=45730"}],"curies":[{"name":"wp","href":"https:\/\/api.w.org\/{rel}","templated":true}]}}