{"id":45727,"date":"2025-07-30T20:15:14","date_gmt":"2025-07-30T17:15:14","guid":{"rendered":"https:\/\/www.egemtv.com\/?p=45727"},"modified":"2025-07-30T20:15:15","modified_gmt":"2025-07-30T17:15:15","slug":"tavastaki-orman-yangini-kontrol-altina-alindi","status":"publish","type":"post","link":"https:\/\/www.egemtv.com\/?p=45727","title":{"rendered":"Tavas\u2019taki orman yang\u0131n\u0131 kontrol alt\u0131na al\u0131nd\u0131"},"content":{"rendered":"<p>Tavas Belediye Ba\u015fkan\u0131 Kadir Tat\u0131k, Akyar Mahallesi Kon\u00e7ar mevkiinde \u00e7\u0131kan orman yang\u0131n\u0131n k\u0131sa s\u00fcrede kontrol alt\u0131na al\u0131nd\u0131\u011f\u0131n\u0131 m\u00fcjdeledi. Vatanda\u015flar\u0131 ormanlarda hassas ve dikkatli olunmas\u0131 konusunda uyar\u0131larda bulunan Ba\u015fkan Tat\u0131k,&#8221; S\u0131cak havalarda daha da hassas hale gelen do\u011fam\u0131za zarar verebilecek davran\u0131\u015flardan ka\u00e7\u0131nal\u0131m&#8221; dedi.<\/p>\n<p>Yang\u0131n, Tavas il\u00e7esi Akyar Mahallesi Kon\u00e7ar mevkiinde meydana geldi. Edinilen bilgilere g\u00f6re, hen\u00fcz bilinmeyen bir nedenle ormanl\u0131k alanda yang\u0131n meydana geldi. Dumanlar\u0131n fark edilmesi \u00fczerine b\u00f6lgeye \u00e7ok say\u0131da orman ve itfaiye ekibi sevk edildi. Ormanl\u0131k alanda h\u0131zl\u0131 ve koordineli m\u00fcdahalelerin ard\u0131ndan yang\u0131n k\u0131sa s\u00fcrede kontrol alt\u0131na al\u0131nd\u0131.<\/p>\n<p>&#8220;Akyar Mahallemizde orman yang\u0131n\u0131 kontrol alt\u0131na al\u0131nd\u0131&#8221;<br \/>\n<br \/>Sosyal medya hesab\u0131ndan yang\u0131n ile ilgili payla\u015f\u0131mda bulunan Tavas Belediye Ba\u015fkan\u0131 Kadir Tat\u0131k, &#8220;Akyar Mahallemiz, Kon\u00e7ar mevkii kar\u015f\u0131s\u0131nda \u00e7\u0131kan orman yang\u0131n\u0131, ekiplerimizin ve duyarl\u0131 vatanda\u015flar\u0131m\u0131z\u0131n h\u0131zl\u0131 ve koordineli m\u00fcdahalesiyle k\u0131sa s\u00fcrede kontrol alt\u0131na al\u0131nm\u0131\u015ft\u0131r. L\u00fctfen ormanlar\u0131m\u0131z\u0131 koruyal\u0131m. S\u0131cak havalarda daha da hassas hale gelen do\u011fam\u0131za zarar verebilecek davran\u0131\u015flardan ka\u00e7\u0131nal\u0131m. Ate\u015f yakmayal\u0131m, izmarit atmayal\u0131m, cam ve cam k\u0131r\u0131klar\u0131n\u0131 do\u011faya b\u0131rakmayal\u0131m&#8221; dedi.<br \/><\/p>\n","protected":false},"excerpt":{"rendered":"<p>Tavas Belediye Ba\u015fkan\u0131 Kadir Tat\u0131k, Akyar Mahallesi Kon\u00e7ar mevkiinde \u00e7\u0131kan orman yang\u0131n\u0131n k\u0131sa s\u00fcrede kontrol alt\u0131na al\u0131nd\u0131\u011f\u0131n\u0131 m\u00fcjdeledi. Vatanda\u015flar\u0131 ormanlarda hassas ve dikkatli olunmas\u0131 konusunda uyar\u0131larda bulunan Ba\u015fkan Tat\u0131k,&#8221; S\u0131cak havalarda daha da hassas hale gelen do\u011fam\u0131za zarar verebilecek davran\u0131\u015flardan ka\u00e7\u0131nal\u0131m&#8221; dedi. Yang\u0131n, Tavas il\u00e7esi Akyar Mahallesi Kon\u00e7ar mevkiinde meydana geldi. Edinilen bilgilere g\u00f6re, hen\u00fcz&#8230;<\/p>\n","protected":false},"author":1,"featured_media":45728,"comment_status":"open","ping_status":"open","sticky":false,"template":"","format":"standard","meta":{"_crdt_document":"","footnotes":""},"categories":[5],"tags":[],"class_list":["post-45727","post","type-post","status-publish","format-standard","has-post-thumbnail","hentry","category-asayis"],"_links":{"self":[{"href":"https:\/\/www.egemtv.com\/index.php?rest_route=\/wp\/v2\/posts\/45727","targetHints":{"allow":["GET"]}}],"collection":[{"href":"https:\/\/www.egemtv.com\/index.php?rest_route=\/wp\/v2\/posts"}],"about":[{"href":"https:\/\/www.egemtv.com\/index.php?rest_route=\/wp\/v2\/types\/post"}],"author":[{"embeddable":true,"href":"https:\/\/www.egemtv.com\/index.php?rest_route=\/wp\/v2\/users\/1"}],"replies":[{"embeddable":true,"href":"https:\/\/www.egemtv.com\/index.php?rest_route=%2Fwp%2Fv2%2Fcomments&post=45727"}],"version-history":[{"count":1,"href":"https:\/\/www.egemtv.com\/index.php?rest_route=\/wp\/v2\/posts\/45727\/revisions"}],"predecessor-version":[{"id":45729,"href":"https:\/\/www.egemtv.com\/index.php?rest_route=\/wp\/v2\/posts\/45727\/revisions\/45729"}],"wp:featuredmedia":[{"embeddable":true,"href":"https:\/\/www.egemtv.com\/index.php?rest_route=\/wp\/v2\/media\/45728"}],"wp:attachment":[{"href":"https:\/\/www.egemtv.com\/index.php?rest_route=%2Fwp%2Fv2%2Fmedia&parent=45727"}],"wp:term":[{"taxonomy":"category","embeddable":true,"href":"https:\/\/www.egemtv.com\/index.php?rest_route=%2Fwp%2Fv2%2Fcategories&post=45727"},{"taxonomy":"post_tag","embeddable":true,"href":"https:\/\/www.egemtv.com\/index.php?rest_route=%2Fwp%2Fv2%2Ftags&post=45727"}],"curies":[{"name":"wp","href":"https:\/\/api.w.org\/{rel}","templated":true}]}}