{"id":45724,"date":"2025-07-30T20:15:13","date_gmt":"2025-07-30T17:15:13","guid":{"rendered":"https:\/\/www.egemtv.com\/?p=45724"},"modified":"2025-07-30T20:15:14","modified_gmt":"2025-07-30T17:15:14","slug":"muglada-kasten-oldurme-sucundan-aranan-2-sahis-yakalandi","status":"publish","type":"post","link":"https:\/\/www.egemtv.com\/?p=45724","title":{"rendered":"Mu\u011fla\u2019da kasten \u00f6ld\u00fcrme su\u00e7undan aranan 2 \u015fah\u0131s yakaland\u0131"},"content":{"rendered":"<p>Mu\u011fla\u2019n\u0131n Milas il\u00e7esinde kasten \u00f6ld\u00fcrme su\u00e7undan aranan 2 \u015f\u00fcpheli, jandarma ekiplerince yakaland\u0131.<br \/>\n<br \/>Mu\u011fla \u0130l Jandarma Komutanl\u0131\u011f\u0131 koordinesinde aranan \u015fah\u0131slar\u0131n yakalanmas\u0131na y\u00f6nelik y\u00fcr\u00fct\u00fclen \u00e7al\u0131\u015fmalar aral\u0131ks\u0131z devam ediyor. Edinilen bilgiye g\u00f6re ekiplerin yapt\u0131\u011f\u0131 \u00e7al\u0131\u015fmalar sonucunda, kasten \u00f6ld\u00fcrme su\u00e7undan 7 y\u0131l 6 ay kesinle\u015fmi\u015f hapis cezas\u0131 bulunan \u0130.B. ve M.A. Milas\u2019\u0131n Koru Mahallesi\u2019nde yakaland\u0131.G\u00f6zalt\u0131na al\u0131nan \u015f\u00fcpheliler gerekli i\u015flemlerinin ard\u0131ndan sevk edildikleri adli makamlarca tutuklanarak cezaevine g\u00f6nderildi.<br \/><\/p>\n","protected":false},"excerpt":{"rendered":"<p>Mu\u011fla\u2019n\u0131n Milas il\u00e7esinde kasten \u00f6ld\u00fcrme su\u00e7undan aranan 2 \u015f\u00fcpheli, jandarma ekiplerince yakaland\u0131. Mu\u011fla \u0130l Jandarma Komutanl\u0131\u011f\u0131 koordinesinde aranan \u015fah\u0131slar\u0131n yakalanmas\u0131na y\u00f6nelik y\u00fcr\u00fct\u00fclen \u00e7al\u0131\u015fmalar aral\u0131ks\u0131z devam ediyor. Edinilen bilgiye g\u00f6re ekiplerin yapt\u0131\u011f\u0131 \u00e7al\u0131\u015fmalar sonucunda, kasten \u00f6ld\u00fcrme su\u00e7undan 7 y\u0131l 6 ay kesinle\u015fmi\u015f hapis cezas\u0131 bulunan \u0130.B. ve M.A. Milas\u2019\u0131n Koru Mahallesi\u2019nde yakaland\u0131.G\u00f6zalt\u0131na al\u0131nan \u015f\u00fcpheliler gerekli i\u015flemlerinin&#8230;<\/p>\n","protected":false},"author":1,"featured_media":45725,"comment_status":"open","ping_status":"open","sticky":false,"template":"","format":"standard","meta":{"_crdt_document":"","footnotes":""},"categories":[5],"tags":[],"class_list":["post-45724","post","type-post","status-publish","format-standard","has-post-thumbnail","hentry","category-asayis"],"_links":{"self":[{"href":"https:\/\/www.egemtv.com\/index.php?rest_route=\/wp\/v2\/posts\/45724","targetHints":{"allow":["GET"]}}],"collection":[{"href":"https:\/\/www.egemtv.com\/index.php?rest_route=\/wp\/v2\/posts"}],"about":[{"href":"https:\/\/www.egemtv.com\/index.php?rest_route=\/wp\/v2\/types\/post"}],"author":[{"embeddable":true,"href":"https:\/\/www.egemtv.com\/index.php?rest_route=\/wp\/v2\/users\/1"}],"replies":[{"embeddable":true,"href":"https:\/\/www.egemtv.com\/index.php?rest_route=%2Fwp%2Fv2%2Fcomments&post=45724"}],"version-history":[{"count":1,"href":"https:\/\/www.egemtv.com\/index.php?rest_route=\/wp\/v2\/posts\/45724\/revisions"}],"predecessor-version":[{"id":45726,"href":"https:\/\/www.egemtv.com\/index.php?rest_route=\/wp\/v2\/posts\/45724\/revisions\/45726"}],"wp:featuredmedia":[{"embeddable":true,"href":"https:\/\/www.egemtv.com\/index.php?rest_route=\/wp\/v2\/media\/45725"}],"wp:attachment":[{"href":"https:\/\/www.egemtv.com\/index.php?rest_route=%2Fwp%2Fv2%2Fmedia&parent=45724"}],"wp:term":[{"taxonomy":"category","embeddable":true,"href":"https:\/\/www.egemtv.com\/index.php?rest_route=%2Fwp%2Fv2%2Fcategories&post=45724"},{"taxonomy":"post_tag","embeddable":true,"href":"https:\/\/www.egemtv.com\/index.php?rest_route=%2Fwp%2Fv2%2Ftags&post=45724"}],"curies":[{"name":"wp","href":"https:\/\/api.w.org\/{rel}","templated":true}]}}