{"id":45721,"date":"2025-07-30T20:15:12","date_gmt":"2025-07-30T17:15:12","guid":{"rendered":"https:\/\/www.egemtv.com\/?p=45721"},"modified":"2025-07-30T20:15:13","modified_gmt":"2025-07-30T17:15:13","slug":"yildizspordan-ic-transferde-bes-imza-birden","status":"publish","type":"post","link":"https:\/\/www.egemtv.com\/?p=45721","title":{"rendered":"Y\u0131ld\u0131zspor\u2019dan i\u00e7 transferde be\u015f imza birden"},"content":{"rendered":"<p>Transfer \u00e7al\u0131\u015fmalar\u0131na ba\u015flayan Y\u0131ld\u0131zspor\u2019da kul\u00fcp ba\u015fkan\u0131 Kaya \u00d6zcan, i\u00e7 transferde gen\u00e7 oyuncular Kemal Ecel, Halil Karata\u015f, Asr\u0131n \u00d6zkaya, Erencan Kaya ve Yusufcan Tatl\u0131 ile anla\u015ft\u0131klar\u0131n\u0131 a\u00e7\u0131klad\u0131.<br \/>\n<br \/>Ayd\u0131n S\u00fcper Amat\u00f6r Lig\u2019in gen\u00e7 ve m\u00fccadeleci ekiplerinden Y\u0131ld\u0131zspor, 2024-2025 sezonu \u00f6ncesi yap\u0131lanmas\u0131n\u0131 s\u00fcrd\u00fcr\u00fcyor. Kul\u00fcp Ba\u015fkan\u0131 Kaya \u00d6zcan liderli\u011finde gelece\u011fe yat\u0131r\u0131m yapan Y\u0131ld\u0131zspor, i\u00e7 transferde be\u015f gen\u00e7 oyuncusuyla yeniden anla\u015farak istikrar mesaj\u0131 verdi. Mavi-beyazl\u0131larda ge\u00e7en sezon ligde ba\u015far\u0131l\u0131 bir grafik \u00e7izen gen\u00e7 oyuncular Kemal Ecel, Halil Karata\u015f, Asr\u0131n \u00d6zkaya, Erencan Kaya ve Yusufcan Tatl\u0131, 2024-2025 sezonunda da mavi-beyazl\u0131 formay\u0131 terletmeye devam edecek.<br \/>\n<br \/>Transfer \u00e7al\u0131\u015fmalar\u0131na ba\u015flad\u0131klar\u0131n\u0131 a\u00e7\u0131klayan Y\u0131ld\u0131zspor Ba\u015fkan\u0131 Kaya \u00d6zcan, &#8220;Y\u0131ld\u0131zspor olarak hedefimiz sadece bir sezonluk ba\u015far\u0131 de\u011fil, s\u00fcrd\u00fcr\u00fclebilir bir futbol yap\u0131lanmas\u0131. \u0130\u00e7 transferde tak\u0131m\u0131m\u0131z\u0131n karakterini ve enerjisini sahaya yans\u0131tan be\u015f gen\u00e7 oyuncumuzla yeniden anla\u015fman\u0131n mutlulu\u011funu ya\u015f\u0131yoruz. Gen\u00e7lerimize g\u00fcvenimiz tam. Yeni sezonda hep birlikte b\u00fcy\u00fck hedeflere y\u00fcr\u00fcyece\u011fiz&#8221; dedi.<br \/><\/p>\n","protected":false},"excerpt":{"rendered":"<p>Transfer \u00e7al\u0131\u015fmalar\u0131na ba\u015flayan Y\u0131ld\u0131zspor\u2019da kul\u00fcp ba\u015fkan\u0131 Kaya \u00d6zcan, i\u00e7 transferde gen\u00e7 oyuncular Kemal Ecel, Halil Karata\u015f, Asr\u0131n \u00d6zkaya, Erencan Kaya ve Yusufcan Tatl\u0131 ile anla\u015ft\u0131klar\u0131n\u0131 a\u00e7\u0131klad\u0131. Ayd\u0131n S\u00fcper Amat\u00f6r Lig\u2019in gen\u00e7 ve m\u00fccadeleci ekiplerinden Y\u0131ld\u0131zspor, 2024-2025 sezonu \u00f6ncesi yap\u0131lanmas\u0131n\u0131 s\u00fcrd\u00fcr\u00fcyor. Kul\u00fcp Ba\u015fkan\u0131 Kaya \u00d6zcan liderli\u011finde gelece\u011fe yat\u0131r\u0131m yapan Y\u0131ld\u0131zspor, i\u00e7 transferde be\u015f gen\u00e7 oyuncusuyla yeniden&#8230;<\/p>\n","protected":false},"author":1,"featured_media":45722,"comment_status":"open","ping_status":"open","sticky":false,"template":"","format":"standard","meta":{"_crdt_document":"","footnotes":""},"categories":[4],"tags":[],"class_list":["post-45721","post","type-post","status-publish","format-standard","has-post-thumbnail","hentry","category-spor"],"_links":{"self":[{"href":"https:\/\/www.egemtv.com\/index.php?rest_route=\/wp\/v2\/posts\/45721","targetHints":{"allow":["GET"]}}],"collection":[{"href":"https:\/\/www.egemtv.com\/index.php?rest_route=\/wp\/v2\/posts"}],"about":[{"href":"https:\/\/www.egemtv.com\/index.php?rest_route=\/wp\/v2\/types\/post"}],"author":[{"embeddable":true,"href":"https:\/\/www.egemtv.com\/index.php?rest_route=\/wp\/v2\/users\/1"}],"replies":[{"embeddable":true,"href":"https:\/\/www.egemtv.com\/index.php?rest_route=%2Fwp%2Fv2%2Fcomments&post=45721"}],"version-history":[{"count":1,"href":"https:\/\/www.egemtv.com\/index.php?rest_route=\/wp\/v2\/posts\/45721\/revisions"}],"predecessor-version":[{"id":45723,"href":"https:\/\/www.egemtv.com\/index.php?rest_route=\/wp\/v2\/posts\/45721\/revisions\/45723"}],"wp:featuredmedia":[{"embeddable":true,"href":"https:\/\/www.egemtv.com\/index.php?rest_route=\/wp\/v2\/media\/45722"}],"wp:attachment":[{"href":"https:\/\/www.egemtv.com\/index.php?rest_route=%2Fwp%2Fv2%2Fmedia&parent=45721"}],"wp:term":[{"taxonomy":"category","embeddable":true,"href":"https:\/\/www.egemtv.com\/index.php?rest_route=%2Fwp%2Fv2%2Fcategories&post=45721"},{"taxonomy":"post_tag","embeddable":true,"href":"https:\/\/www.egemtv.com\/index.php?rest_route=%2Fwp%2Fv2%2Ftags&post=45721"}],"curies":[{"name":"wp","href":"https:\/\/api.w.org\/{rel}","templated":true}]}}