{"id":45718,"date":"2025-07-30T19:54:52","date_gmt":"2025-07-30T16:54:52","guid":{"rendered":"https:\/\/www.egemtv.com\/?p=45718"},"modified":"2025-07-30T19:54:52","modified_gmt":"2025-07-30T16:54:52","slug":"denizlide-orman-yangini-2","status":"publish","type":"post","link":"https:\/\/www.egemtv.com\/?p=45718","title":{"rendered":"Denizli\u2019de orman yang\u0131n\u0131"},"content":{"rendered":"<p>Denizli\u2019nin Tavas il\u00e7esinde ormanl\u0131k alanda yang\u0131n meydana geldi. Yang\u0131n\u0131n kontrol alt\u0131na al\u0131nabilmesi i\u00e7in b\u00f6lgeye \u00e7ok say\u0131da ekip sevk edildi.<\/p>\n<p>Edinilen bilgiye g\u00f6re; Denizli\u2019nin Tavas il\u00e7esine ba\u011fl\u0131 Akyar Mahallesi\u2019ndeki ormanl\u0131k alanda hen\u00fcz belirlenemeyen bir nedenle yang\u0131n ba\u015flad\u0131. Dumanlar\u0131n fark edilmesi \u00fczerine b\u00f6lgeye \u00e7ok say\u0131da orman ve itfaiye ekibi sevk edildi. Ormanl\u0131k alanda devam eden yang\u0131n\u0131n kontrol alt\u0131na al\u0131nabilmesi i\u00e7in \u00e7al\u0131\u015fmalar\u0131n devam etti\u011fi bildirildi.<br \/><\/p>\n","protected":false},"excerpt":{"rendered":"<p>Denizli\u2019nin Tavas il\u00e7esinde ormanl\u0131k alanda yang\u0131n meydana geldi. Yang\u0131n\u0131n kontrol alt\u0131na al\u0131nabilmesi i\u00e7in b\u00f6lgeye \u00e7ok say\u0131da ekip sevk edildi. Edinilen bilgiye g\u00f6re; Denizli\u2019nin Tavas il\u00e7esine ba\u011fl\u0131 Akyar Mahallesi\u2019ndeki ormanl\u0131k alanda hen\u00fcz belirlenemeyen bir nedenle yang\u0131n ba\u015flad\u0131. Dumanlar\u0131n fark edilmesi \u00fczerine b\u00f6lgeye \u00e7ok say\u0131da orman ve itfaiye ekibi sevk edildi. Ormanl\u0131k alanda devam eden yang\u0131n\u0131n kontrol&#8230;<\/p>\n","protected":false},"author":1,"featured_media":45719,"comment_status":"open","ping_status":"open","sticky":false,"template":"","format":"standard","meta":{"_crdt_document":"","footnotes":""},"categories":[5],"tags":[],"class_list":["post-45718","post","type-post","status-publish","format-standard","has-post-thumbnail","hentry","category-asayis"],"_links":{"self":[{"href":"https:\/\/www.egemtv.com\/index.php?rest_route=\/wp\/v2\/posts\/45718","targetHints":{"allow":["GET"]}}],"collection":[{"href":"https:\/\/www.egemtv.com\/index.php?rest_route=\/wp\/v2\/posts"}],"about":[{"href":"https:\/\/www.egemtv.com\/index.php?rest_route=\/wp\/v2\/types\/post"}],"author":[{"embeddable":true,"href":"https:\/\/www.egemtv.com\/index.php?rest_route=\/wp\/v2\/users\/1"}],"replies":[{"embeddable":true,"href":"https:\/\/www.egemtv.com\/index.php?rest_route=%2Fwp%2Fv2%2Fcomments&post=45718"}],"version-history":[{"count":1,"href":"https:\/\/www.egemtv.com\/index.php?rest_route=\/wp\/v2\/posts\/45718\/revisions"}],"predecessor-version":[{"id":45720,"href":"https:\/\/www.egemtv.com\/index.php?rest_route=\/wp\/v2\/posts\/45718\/revisions\/45720"}],"wp:featuredmedia":[{"embeddable":true,"href":"https:\/\/www.egemtv.com\/index.php?rest_route=\/wp\/v2\/media\/45719"}],"wp:attachment":[{"href":"https:\/\/www.egemtv.com\/index.php?rest_route=%2Fwp%2Fv2%2Fmedia&parent=45718"}],"wp:term":[{"taxonomy":"category","embeddable":true,"href":"https:\/\/www.egemtv.com\/index.php?rest_route=%2Fwp%2Fv2%2Fcategories&post=45718"},{"taxonomy":"post_tag","embeddable":true,"href":"https:\/\/www.egemtv.com\/index.php?rest_route=%2Fwp%2Fv2%2Ftags&post=45718"}],"curies":[{"name":"wp","href":"https:\/\/api.w.org\/{rel}","templated":true}]}}