{"id":45595,"date":"2025-07-30T11:34:56","date_gmt":"2025-07-30T08:34:56","guid":{"rendered":"https:\/\/www.egemtv.com\/?p=45595"},"modified":"2025-07-30T11:34:57","modified_gmt":"2025-07-30T08:34:57","slug":"sokede-kadina-yonelik-siddete-dikkat-cekildi","status":"publish","type":"post","link":"https:\/\/www.egemtv.com\/?p=45595","title":{"rendered":"S\u00f6ke\u2019de kad\u0131na y\u00f6nelik \u015fiddete dikkat \u00e7ekildi"},"content":{"rendered":"<p>Ayd\u0131n\u2019\u0131n S\u00f6ke il\u00e7esinde jandarma ekipleri, tarihi Do\u011fanbey Mahallesi\u2019ne gelen vatanda\u015flar\u0131 kad\u0131na y\u00f6nelik \u015fiddet konular\u0131nda bilgilendirirken, KADES uygulamas\u0131n\u0131 tan\u0131tt\u0131.<br \/>\n<br \/>Ayd\u0131n \u0130l Jandarma Komutanl\u0131\u011f\u0131 Aile i\u00e7i \u015eiddetle M\u00fccadele ve \u00c7ocuk K\u0131s\u0131m Amirli\u011fince S\u00f6ke il\u00e7esi Do\u011fanbey Mahallesinde bulunan tarihi yerleri ziyarete gelen vatanda\u015flara 6284 Say\u0131l\u0131 Kanun ve KADES uygulamas\u0131 konular\u0131nda bilgilendirme faaliyeti ger\u00e7ekle\u015ftirildi. Fark\u0131ndal\u0131k olu\u015fturmak maksad\u0131yla KADES, Kad\u0131na El Kalkamaz ve Aile Y\u0131l\u0131 logolu bro\u015f\u00fcr da\u011f\u0131t\u0131larak faaliyet sonunda pankart a\u00e7\u0131l\u0131rken, \u00e7al\u0131\u015fmalar\u0131n aral\u0131ks\u0131z olarak devam edece\u011fi belirtildi.<br \/><\/p>\n","protected":false},"excerpt":{"rendered":"<p>Ayd\u0131n\u2019\u0131n S\u00f6ke il\u00e7esinde jandarma ekipleri, tarihi Do\u011fanbey Mahallesi\u2019ne gelen vatanda\u015flar\u0131 kad\u0131na y\u00f6nelik \u015fiddet konular\u0131nda bilgilendirirken, KADES uygulamas\u0131n\u0131 tan\u0131tt\u0131. Ayd\u0131n \u0130l Jandarma Komutanl\u0131\u011f\u0131 Aile i\u00e7i \u015eiddetle M\u00fccadele ve \u00c7ocuk K\u0131s\u0131m Amirli\u011fince S\u00f6ke il\u00e7esi Do\u011fanbey Mahallesinde bulunan tarihi yerleri ziyarete gelen vatanda\u015flara 6284 Say\u0131l\u0131 Kanun ve KADES uygulamas\u0131 konular\u0131nda bilgilendirme faaliyeti ger\u00e7ekle\u015ftirildi. Fark\u0131ndal\u0131k olu\u015fturmak maksad\u0131yla KADES, Kad\u0131na&#8230;<\/p>\n","protected":false},"author":1,"featured_media":45596,"comment_status":"open","ping_status":"open","sticky":false,"template":"","format":"standard","meta":{"_crdt_document":"","footnotes":""},"categories":[5],"tags":[],"class_list":["post-45595","post","type-post","status-publish","format-standard","has-post-thumbnail","hentry","category-asayis"],"_links":{"self":[{"href":"https:\/\/www.egemtv.com\/index.php?rest_route=\/wp\/v2\/posts\/45595","targetHints":{"allow":["GET"]}}],"collection":[{"href":"https:\/\/www.egemtv.com\/index.php?rest_route=\/wp\/v2\/posts"}],"about":[{"href":"https:\/\/www.egemtv.com\/index.php?rest_route=\/wp\/v2\/types\/post"}],"author":[{"embeddable":true,"href":"https:\/\/www.egemtv.com\/index.php?rest_route=\/wp\/v2\/users\/1"}],"replies":[{"embeddable":true,"href":"https:\/\/www.egemtv.com\/index.php?rest_route=%2Fwp%2Fv2%2Fcomments&post=45595"}],"version-history":[{"count":1,"href":"https:\/\/www.egemtv.com\/index.php?rest_route=\/wp\/v2\/posts\/45595\/revisions"}],"predecessor-version":[{"id":45597,"href":"https:\/\/www.egemtv.com\/index.php?rest_route=\/wp\/v2\/posts\/45595\/revisions\/45597"}],"wp:featuredmedia":[{"embeddable":true,"href":"https:\/\/www.egemtv.com\/index.php?rest_route=\/wp\/v2\/media\/45596"}],"wp:attachment":[{"href":"https:\/\/www.egemtv.com\/index.php?rest_route=%2Fwp%2Fv2%2Fmedia&parent=45595"}],"wp:term":[{"taxonomy":"category","embeddable":true,"href":"https:\/\/www.egemtv.com\/index.php?rest_route=%2Fwp%2Fv2%2Fcategories&post=45595"},{"taxonomy":"post_tag","embeddable":true,"href":"https:\/\/www.egemtv.com\/index.php?rest_route=%2Fwp%2Fv2%2Ftags&post=45595"}],"curies":[{"name":"wp","href":"https:\/\/api.w.org\/{rel}","templated":true}]}}