{"id":45592,"date":"2025-07-30T11:34:55","date_gmt":"2025-07-30T08:34:55","guid":{"rendered":"https:\/\/www.egemtv.com\/?p=45592"},"modified":"2025-07-30T11:34:56","modified_gmt":"2025-07-30T08:34:56","slug":"germencikte-vatandaslar-yanginlara-karsi-bilgilendirildi","status":"publish","type":"post","link":"https:\/\/www.egemtv.com\/?p=45592","title":{"rendered":"Germencik\u2019te vatanda\u015flar yang\u0131nlara kar\u015f\u0131 bilgilendirildi"},"content":{"rendered":"<p>Ayd\u0131n \u0130l Jandarma Komutanl\u0131\u011f\u0131\u2019na ba\u011fl\u0131 \u00c7evre, Do\u011fa ve Hayvanlar\u0131 Koruma Timi, Germencik il\u00e7esinde vatanda\u015flara y\u00f6nelik orman yang\u0131nlar\u0131 konusunda bilgilendirme \u00e7al\u0131\u015fmas\u0131 ger\u00e7ekle\u015ftirdi.<\/p>\n<p>\u00c7al\u0131\u015fma kapsam\u0131nda vatanda\u015flara, \u00f6zellikle yaz aylar\u0131nda yang\u0131n riskini art\u0131ran sigara izmaritleri, cam at\u0131klar ve di\u011fer ihmal kaynaklar\u0131na kar\u015f\u0131 duyarl\u0131 olunmas\u0131 gerekti\u011fi vurguland\u0131. Gelecek nesillere temiz bir \u00e7evre ve sa\u011fl\u0131kl\u0131 bir do\u011fa b\u0131rakman\u0131n bir vatanda\u015fl\u0131k g\u00f6revi oldu\u011fu hat\u0131rlat\u0131ld\u0131. \u2019Her \u015eey Elimizde\u2019 mottosuyla haz\u0131rlanan \u2019Ormanl\u0131k Alanlarda Dikkat Edilmesi Gereken Kurallar\u2019 ba\u015fl\u0131kl\u0131 bro\u015f\u00fcrler vatanda\u015flara da\u011f\u0131t\u0131ld\u0131. Ekipler, ormanl\u0131k alanlarda dikkatli olunmas\u0131 ve k\u00fc\u00e7\u00fck ihmallerin b\u00fcy\u00fck felaketlere yol a\u00e7abilece\u011fi konusunda uyar\u0131larda bulundu.<\/p>\n<p>Jandarma ekiplerinin \u00e7evre koruma ve bilgilendirme faaliyetlerinin aral\u0131ks\u0131z s\u00fcrd\u00fc\u011f\u00fc belirtildi.<br \/><\/p>\n","protected":false},"excerpt":{"rendered":"<p>Ayd\u0131n \u0130l Jandarma Komutanl\u0131\u011f\u0131\u2019na ba\u011fl\u0131 \u00c7evre, Do\u011fa ve Hayvanlar\u0131 Koruma Timi, Germencik il\u00e7esinde vatanda\u015flara y\u00f6nelik orman yang\u0131nlar\u0131 konusunda bilgilendirme \u00e7al\u0131\u015fmas\u0131 ger\u00e7ekle\u015ftirdi. \u00c7al\u0131\u015fma kapsam\u0131nda vatanda\u015flara, \u00f6zellikle yaz aylar\u0131nda yang\u0131n riskini art\u0131ran sigara izmaritleri, cam at\u0131klar ve di\u011fer ihmal kaynaklar\u0131na kar\u015f\u0131 duyarl\u0131 olunmas\u0131 gerekti\u011fi vurguland\u0131. Gelecek nesillere temiz bir \u00e7evre ve sa\u011fl\u0131kl\u0131 bir do\u011fa b\u0131rakman\u0131n bir vatanda\u015fl\u0131k&#8230;<\/p>\n","protected":false},"author":1,"featured_media":45593,"comment_status":"open","ping_status":"open","sticky":false,"template":"","format":"standard","meta":{"_crdt_document":"","footnotes":""},"categories":[5],"tags":[],"class_list":["post-45592","post","type-post","status-publish","format-standard","has-post-thumbnail","hentry","category-asayis"],"_links":{"self":[{"href":"https:\/\/www.egemtv.com\/index.php?rest_route=\/wp\/v2\/posts\/45592","targetHints":{"allow":["GET"]}}],"collection":[{"href":"https:\/\/www.egemtv.com\/index.php?rest_route=\/wp\/v2\/posts"}],"about":[{"href":"https:\/\/www.egemtv.com\/index.php?rest_route=\/wp\/v2\/types\/post"}],"author":[{"embeddable":true,"href":"https:\/\/www.egemtv.com\/index.php?rest_route=\/wp\/v2\/users\/1"}],"replies":[{"embeddable":true,"href":"https:\/\/www.egemtv.com\/index.php?rest_route=%2Fwp%2Fv2%2Fcomments&post=45592"}],"version-history":[{"count":1,"href":"https:\/\/www.egemtv.com\/index.php?rest_route=\/wp\/v2\/posts\/45592\/revisions"}],"predecessor-version":[{"id":45594,"href":"https:\/\/www.egemtv.com\/index.php?rest_route=\/wp\/v2\/posts\/45592\/revisions\/45594"}],"wp:featuredmedia":[{"embeddable":true,"href":"https:\/\/www.egemtv.com\/index.php?rest_route=\/wp\/v2\/media\/45593"}],"wp:attachment":[{"href":"https:\/\/www.egemtv.com\/index.php?rest_route=%2Fwp%2Fv2%2Fmedia&parent=45592"}],"wp:term":[{"taxonomy":"category","embeddable":true,"href":"https:\/\/www.egemtv.com\/index.php?rest_route=%2Fwp%2Fv2%2Fcategories&post=45592"},{"taxonomy":"post_tag","embeddable":true,"href":"https:\/\/www.egemtv.com\/index.php?rest_route=%2Fwp%2Fv2%2Ftags&post=45592"}],"curies":[{"name":"wp","href":"https:\/\/api.w.org\/{rel}","templated":true}]}}