{"id":45586,"date":"2025-07-30T11:14:48","date_gmt":"2025-07-30T08:14:48","guid":{"rendered":"https:\/\/www.egemtv.com\/?p=45586"},"modified":"2025-07-30T11:14:49","modified_gmt":"2025-07-30T08:14:49","slug":"sanal-devriyeden-kacamadilar-20-kisi-hakkinda-islem-yapildi","status":"publish","type":"post","link":"https:\/\/www.egemtv.com\/?p=45586","title":{"rendered":"Sanal devriyeden ka\u00e7amad\u0131lar: 20 ki\u015fi hakk\u0131nda i\u015flem yap\u0131ld\u0131"},"content":{"rendered":"<p>Ayd\u0131n\u2019da jandarma ekiplerince ger\u00e7ekle\u015ftirilen Huzur ve G\u00fcven uygulamas\u0131nda \u00e7e\u015fitli su\u00e7lardan aranan 9 ki\u015fi yakalan\u0131rken, sanal devriyede de 20 ki\u015fi hakk\u0131nda adli i\u015flem ger\u00e7ekle\u015ftirildi.<br \/>\n<br \/>Ayd\u0131n \u0130l Jandarma Komutanl\u0131\u011f\u0131nca Huzur ve G\u00fcven uygulamalar\u0131 kapsam\u0131nda 178 personelin kat\u0131l\u0131m\u0131yla planl\u0131 ve m\u00fcnferit siber operasyonlar ger\u00e7ekle\u015ftirildi. Siber Su\u00e7larla M\u00fccadele \u015eube M\u00fcd\u00fcrl\u00fc\u011f\u00fcnce yap\u0131lan sanal devriye faaliyetlerinde, 5 il\u00e7ede &#8220;Yasad\u0131\u015f\u0131 bahis&#8221; su\u00e7undan 5 \u015f\u00fcpheli, 9 il\u00e7ede &#8220;M\u00fcstehcenlik&#8221; su\u00e7undan 15 \u015f\u00fcpheli olmak \u00fczere toplam 20 \u015f\u00fcpheli \u015fah\u0131s hakk\u0131nda adli i\u015flem ba\u015flat\u0131ld\u0131. Ayr\u0131ca 170 i\u015fletme kontrol edilerek 5 bin 967 \u015fah\u0131s sorguland\u0131. Sorgulamalarda \u00e7e\u015fitli su\u00e7lardan arand\u0131\u011f\u0131 tespit edilen ki\u015fi yakaland\u0131.<br \/><\/p>\n","protected":false},"excerpt":{"rendered":"<p>Ayd\u0131n\u2019da jandarma ekiplerince ger\u00e7ekle\u015ftirilen Huzur ve G\u00fcven uygulamas\u0131nda \u00e7e\u015fitli su\u00e7lardan aranan 9 ki\u015fi yakalan\u0131rken, sanal devriyede de 20 ki\u015fi hakk\u0131nda adli i\u015flem ger\u00e7ekle\u015ftirildi. Ayd\u0131n \u0130l Jandarma Komutanl\u0131\u011f\u0131nca Huzur ve G\u00fcven uygulamalar\u0131 kapsam\u0131nda 178 personelin kat\u0131l\u0131m\u0131yla planl\u0131 ve m\u00fcnferit siber operasyonlar ger\u00e7ekle\u015ftirildi. Siber Su\u00e7larla M\u00fccadele \u015eube M\u00fcd\u00fcrl\u00fc\u011f\u00fcnce yap\u0131lan sanal devriye faaliyetlerinde, 5 il\u00e7ede &#8220;Yasad\u0131\u015f\u0131 bahis&#8221; su\u00e7undan&#8230;<\/p>\n","protected":false},"author":1,"featured_media":45587,"comment_status":"open","ping_status":"open","sticky":false,"template":"","format":"standard","meta":{"_crdt_document":"","footnotes":""},"categories":[5],"tags":[],"class_list":["post-45586","post","type-post","status-publish","format-standard","has-post-thumbnail","hentry","category-asayis"],"_links":{"self":[{"href":"https:\/\/www.egemtv.com\/index.php?rest_route=\/wp\/v2\/posts\/45586","targetHints":{"allow":["GET"]}}],"collection":[{"href":"https:\/\/www.egemtv.com\/index.php?rest_route=\/wp\/v2\/posts"}],"about":[{"href":"https:\/\/www.egemtv.com\/index.php?rest_route=\/wp\/v2\/types\/post"}],"author":[{"embeddable":true,"href":"https:\/\/www.egemtv.com\/index.php?rest_route=\/wp\/v2\/users\/1"}],"replies":[{"embeddable":true,"href":"https:\/\/www.egemtv.com\/index.php?rest_route=%2Fwp%2Fv2%2Fcomments&post=45586"}],"version-history":[{"count":1,"href":"https:\/\/www.egemtv.com\/index.php?rest_route=\/wp\/v2\/posts\/45586\/revisions"}],"predecessor-version":[{"id":45588,"href":"https:\/\/www.egemtv.com\/index.php?rest_route=\/wp\/v2\/posts\/45586\/revisions\/45588"}],"wp:featuredmedia":[{"embeddable":true,"href":"https:\/\/www.egemtv.com\/index.php?rest_route=\/wp\/v2\/media\/45587"}],"wp:attachment":[{"href":"https:\/\/www.egemtv.com\/index.php?rest_route=%2Fwp%2Fv2%2Fmedia&parent=45586"}],"wp:term":[{"taxonomy":"category","embeddable":true,"href":"https:\/\/www.egemtv.com\/index.php?rest_route=%2Fwp%2Fv2%2Fcategories&post=45586"},{"taxonomy":"post_tag","embeddable":true,"href":"https:\/\/www.egemtv.com\/index.php?rest_route=%2Fwp%2Fv2%2Ftags&post=45586"}],"curies":[{"name":"wp","href":"https:\/\/api.w.org\/{rel}","templated":true}]}}