{"id":45583,"date":"2025-07-30T11:14:47","date_gmt":"2025-07-30T08:14:47","guid":{"rendered":"https:\/\/www.egemtv.com\/?p=45583"},"modified":"2025-07-30T11:14:48","modified_gmt":"2025-07-30T08:14:48","slug":"alasehirde-zabitalardan-orman-yangini-nobeti","status":"publish","type":"post","link":"https:\/\/www.egemtv.com\/?p=45583","title":{"rendered":"Ala\u015fehir\u2019de zab\u0131talardan orman yang\u0131n\u0131 n\u00f6beti"},"content":{"rendered":"<p>Manisa\u2019n\u0131n Ala\u015fehir il\u00e7esinde belediye zab\u0131ta ekipleri, orman yang\u0131nlar\u0131na kar\u015f\u0131 \u00f6nlem almak amac\u0131yla orman yollar\u0131nda n\u00f6bet tutmaya ba\u015flad\u0131. \u00d6zellikle yang\u0131n riski y\u00fcksek olan orman mahallelerine giden g\u00fczerg\u00e2hlarda uygulama ba\u015flatan ekipler, s\u00fcr\u00fcc\u00fcler ile vatanda\u015flar\u0131 cam \u015fi\u015fe, sigara izmariti ve benzeri yang\u0131n \u00e7\u0131karabilecek materyalleri do\u011faya b\u0131rakmamalar\u0131 konusunda uyard\u0131.<br \/>\n<br \/>\u0130lk uygulama, Kozluca Mahallesi yolunda ger\u00e7ekle\u015ftirilirken, Ala\u015fehir Belediye Ba\u015fkan\u0131 Ahmet \u00d6k\u00fczc\u00fco\u011flu da \u00e7al\u0131\u015fmalara kat\u0131larak vatanda\u015flara uyar\u0131larda bulundu. Ba\u015fkan \u00d6k\u00fczc\u00fco\u011flu, &#8220;\u00dclkemizde artan orman yang\u0131nlar\u0131na kar\u015f\u0131 orman mahallemize giden yollarda vatanda\u015flar\u0131m\u0131za uyar\u0131da bulunmak amac\u0131yla zab\u0131ta ekiplerimiz yollarda n\u00f6bet tutacaklar. Zab\u0131ta ekiplerimiz orman b\u00f6lgelerine giden ara\u00e7lar\u0131n s\u00fcr\u00fcc\u00fclerini ve  vatanda\u015flar\u0131, yang\u0131nlar \u00e7\u0131kmas\u0131n diye ormanlara \u015fi\u015fe atmamalar\u0131, sigara izmariti atmamalar\u0131, piknik ate\u015fi yakmamalar\u0131 ve \u0131zgara yerine haz\u0131r yiyecekler t\u00fcketmeleri konusunda uyar\u0131yor. Daha temiz bir do\u011fay\u0131 ya\u015fatmak, solunabilir bir havaya ula\u015fmak i\u00e7in ormanlar\u0131m\u0131z\u0131 ya\u015fatmam\u0131z gerekir. Bizde ormanlar\u0131m\u0131z\u0131 ya\u015fatabilmek, temiz ve ya\u015fanabilir bir \u00e7evre i\u00e7in \u00e7al\u0131\u015fmalar\u0131 yap\u0131yoruz, vatanda\u015flar\u0131m\u0131zla birlikte hareket etmek istiyoruz&#8221; dedi.<br \/>\n<br \/>Temiz bir \u00e7evre ve ya\u015fanabilir bir do\u011fa i\u00e7in herkesin sorumluluk almas\u0131 gerekti\u011fini vurgulayan \u00d6k\u00fczc\u00fco\u011flu, zab\u0131ta ekiplerinin yaz boyunca sahada olaca\u011f\u0131n\u0131 belirtti.<br \/><\/p>\n","protected":false},"excerpt":{"rendered":"<p>Manisa\u2019n\u0131n Ala\u015fehir il\u00e7esinde belediye zab\u0131ta ekipleri, orman yang\u0131nlar\u0131na kar\u015f\u0131 \u00f6nlem almak amac\u0131yla orman yollar\u0131nda n\u00f6bet tutmaya ba\u015flad\u0131. \u00d6zellikle yang\u0131n riski y\u00fcksek olan orman mahallelerine giden g\u00fczerg\u00e2hlarda uygulama ba\u015flatan ekipler, s\u00fcr\u00fcc\u00fcler ile vatanda\u015flar\u0131 cam \u015fi\u015fe, sigara izmariti ve benzeri yang\u0131n \u00e7\u0131karabilecek materyalleri do\u011faya b\u0131rakmamalar\u0131 konusunda uyard\u0131. \u0130lk uygulama, Kozluca Mahallesi yolunda ger\u00e7ekle\u015ftirilirken, Ala\u015fehir Belediye Ba\u015fkan\u0131 Ahmet&#8230;<\/p>\n","protected":false},"author":1,"featured_media":45584,"comment_status":"open","ping_status":"open","sticky":false,"template":"","format":"standard","meta":{"_crdt_document":"","footnotes":""},"categories":[5],"tags":[],"class_list":["post-45583","post","type-post","status-publish","format-standard","has-post-thumbnail","hentry","category-asayis"],"_links":{"self":[{"href":"https:\/\/www.egemtv.com\/index.php?rest_route=\/wp\/v2\/posts\/45583","targetHints":{"allow":["GET"]}}],"collection":[{"href":"https:\/\/www.egemtv.com\/index.php?rest_route=\/wp\/v2\/posts"}],"about":[{"href":"https:\/\/www.egemtv.com\/index.php?rest_route=\/wp\/v2\/types\/post"}],"author":[{"embeddable":true,"href":"https:\/\/www.egemtv.com\/index.php?rest_route=\/wp\/v2\/users\/1"}],"replies":[{"embeddable":true,"href":"https:\/\/www.egemtv.com\/index.php?rest_route=%2Fwp%2Fv2%2Fcomments&post=45583"}],"version-history":[{"count":1,"href":"https:\/\/www.egemtv.com\/index.php?rest_route=\/wp\/v2\/posts\/45583\/revisions"}],"predecessor-version":[{"id":45585,"href":"https:\/\/www.egemtv.com\/index.php?rest_route=\/wp\/v2\/posts\/45583\/revisions\/45585"}],"wp:featuredmedia":[{"embeddable":true,"href":"https:\/\/www.egemtv.com\/index.php?rest_route=\/wp\/v2\/media\/45584"}],"wp:attachment":[{"href":"https:\/\/www.egemtv.com\/index.php?rest_route=%2Fwp%2Fv2%2Fmedia&parent=45583"}],"wp:term":[{"taxonomy":"category","embeddable":true,"href":"https:\/\/www.egemtv.com\/index.php?rest_route=%2Fwp%2Fv2%2Fcategories&post=45583"},{"taxonomy":"post_tag","embeddable":true,"href":"https:\/\/www.egemtv.com\/index.php?rest_route=%2Fwp%2Fv2%2Ftags&post=45583"}],"curies":[{"name":"wp","href":"https:\/\/api.w.org\/{rel}","templated":true}]}}