{"id":45580,"date":"2025-07-30T11:14:46","date_gmt":"2025-07-30T08:14:46","guid":{"rendered":"https:\/\/www.egemtv.com\/?p=45580"},"modified":"2025-07-30T11:14:47","modified_gmt":"2025-07-30T08:14:47","slug":"mezunlari-izmir-ekonomiyi-unutmadi","status":"publish","type":"post","link":"https:\/\/www.egemtv.com\/?p=45580","title":{"rendered":"Mezunlar\u0131, \u0130zmir Ekonomi\u2019yi unutmad\u0131"},"content":{"rendered":"<p>\u00dcniversite Ara\u015ft\u0131rmalar\u0131 Laboratuvar\u0131\u2019n\u0131n (\u00dcN\u0130AR), 2017-2024 y\u0131llar\u0131 aras\u0131nda lisans programlar\u0131ndan mezun olan gen\u00e7ler aras\u0131nda yapt\u0131\u011f\u0131 memnuniyet ara\u015ft\u0131rmas\u0131nda, \u0130zmir Ekonomi \u00dcniversitesi\u2019ndeki 9 b\u00f6l\u00fcm mezun memnuniyeti a\u00e7\u0131s\u0131ndan T\u00fcrkiye genelinde ilk 10\u2019da yer ald\u0131.<br \/>\n<br \/>\u00dcN\u0130AR, bu y\u0131l duyurdu\u011fu &#8220;Pop\u00fcler Programlar\u0131n Mezun Memnuniyeti&#8221; adl\u0131 \u00e7al\u0131\u015fmas\u0131n\u0131, lisans programlar\u0131ndan mezun \u00f6\u011frencilerden \u00e7evrim i\u00e7i anketle toplad\u0131\u011f\u0131 verilerle olu\u015fturdu. Ankette &#8220;Aidiyet duygusu&#8221;, &#8220;Lisans e\u011fitiminin i\u015fe kabule etkisi&#8221;, &#8220;E\u011fitiminin \u00e7al\u0131\u015fma hayat\u0131nda kullan\u0131labilirli\u011fi&#8221; ve &#8220;\u00dcniversitesini \u00f6neri d\u00fczeyi&#8221; olmak \u00fczere 4 k\u0131s\u0131m yer ald\u0131. En sonunda da bu d\u00f6rt k\u0131s\u0131m topland\u0131 ve &#8220;Genel memnuniyet puan\u0131&#8221; hesaplanarak ilk 15 i\u00e7indeki \u00fcniversiteler s\u0131raland\u0131.  \u0130zmir Ekonomi \u00dcniversitesi T\u0131p Fak\u00fcltesi ve G\u00f6rsel \u0130leti\u015fim Tasar\u0131m\u0131 b\u00f6l\u00fcm\u00fc T\u00fcrkiye genelinde 4\u2019\u00fcnc\u00fc, Fizyoterapi ve Rehabilitasyon ile \u0130\u00e7mimarl\u0131k ve \u00c7evre Tasar\u0131m\u0131 b\u00f6l\u00fcmleri 6\u2019nc\u0131, Hem\u015firelik b\u00f6l\u00fcm\u00fc 7\u2019nci, Siyaset Bilimi ve Uluslararas\u0131 \u0130li\u015fkiler B\u00f6l\u00fcm\u00fc 9\u2019uncu, Elektrik-Elektronik M\u00fchendisli\u011fi, Ekonomi ve Hukuk b\u00f6l\u00fcmleri ise 10\u2019uncu s\u0131rada yer ald\u0131. Listeye girmeyi ba\u015faran Psikoloji b\u00f6l\u00fcm\u00fc kendisine 11\u2019incisi s\u0131rada yer bulurken, Mimarl\u0131k ise 12\u2019nci oldu. \u0130E\u00dc T\u0131p Fak\u00fcltesi ile Hukuk, G\u00f6rsel \u0130leti\u015fim Tasar\u0131m\u0131, Siyaset Bilimi ve Uluslararas\u0131 \u0130li\u015fkiler, Hem\u015firelik, \u0130\u00e7mimarl\u0131k ve \u00c7evre Tasar\u0131m\u0131 b\u00f6l\u00fcmleri, Ege B\u00f6lgesi\u2019nde ise birincili\u011fe ula\u015ft\u0131.<br \/>\n<br \/>\u0130E\u00dc Rekt\u00f6r\u00fc Prof. Dr. Yusuf Hakan Abac\u0131o\u011flu, mezunlar\u0131n gururla bahsetti\u011fi ve g\u00fczel hat\u0131rlad\u0131\u011f\u0131 bir \u00fcniversite olduklar\u0131na dikkat \u00e7ekerek, &#8220;Bu ba\u015far\u0131, akademik kadromuzun \u00f6zverili \u00e7al\u0131\u015fmalar\u0131, yenilik\u00e7i e\u011fitim anlay\u0131\u015f\u0131m\u0131z ve \u00f6\u011frencilerimize sundu\u011fumuz g\u00fc\u00e7l\u00fc kariyer desteklerinin bir sonucu. Gelece\u011fin liderlerini yeti\u015ftirme vizyonumuz do\u011frultusunda, kalitemizi daha da y\u00fckseltmek ve \u00f6\u011frencilerimizin her alanda en iyi \u015fekilde donanmas\u0131n\u0131 sa\u011flamak i\u00e7in \u00e7al\u0131\u015fmalar\u0131m\u0131za h\u0131z kesmeden devam edece\u011fiz. Her mezunumuz, bu \u00fcniversitenin ya\u015fayan bir par\u00e7as\u0131. \u0130zmir Ekonomi \u00dcniversitesi\u2019nin nas\u0131l iyi bir yuva, okul ve hayat rehberi oldu\u011funun anla\u015f\u0131lmas\u0131 a\u00e7\u0131s\u0131ndan sonu\u00e7lar\u0131 olduk\u00e7a de\u011ferli g\u00f6r\u00fcyorum. Biz, \u00fcniversitemizde sadece ders vermiyoruz. Gen\u00e7lerimize, hayata kar\u015f\u0131 duru\u015f da \u00f6\u011fretiyoruz. Sorgulamay\u0131, \u00fcretmeyi ve payla\u015fmay\u0131 a\u015f\u0131l\u0131yoruz. Bunlar, mezunlar\u0131m\u0131z\u0131n ba\u015far\u0131l\u0131 olmas\u0131 ve kariyer hedeflerine ula\u015fmas\u0131 i\u00e7in \u00e7ok de\u011ferli ad\u0131mlar. Mezunlar\u0131m\u0131z, \u0130zmir Ekonomi \u00dcniversitesi diplomas\u0131n\u0131n sa\u011flad\u0131\u011f\u0131 ayr\u0131cal\u0131klar\u0131 ve kamp\u00fcs\u00fcm\u00fczde ald\u0131klar\u0131 e\u011fitimin fark\u0131n\u0131; mezun olduktan sonra i\u015f hayat\u0131nda bizzat deneyimliyor ve g\u00f6r\u00fcyor. \u00dcniversitemize duyulan geni\u015f memnuniyetin temelinde de bunlar var&#8221; dedi.<br \/><\/p>\n","protected":false},"excerpt":{"rendered":"<p>\u00dcniversite Ara\u015ft\u0131rmalar\u0131 Laboratuvar\u0131\u2019n\u0131n (\u00dcN\u0130AR), 2017-2024 y\u0131llar\u0131 aras\u0131nda lisans programlar\u0131ndan mezun olan gen\u00e7ler aras\u0131nda yapt\u0131\u011f\u0131 memnuniyet ara\u015ft\u0131rmas\u0131nda, \u0130zmir Ekonomi \u00dcniversitesi\u2019ndeki 9 b\u00f6l\u00fcm mezun memnuniyeti a\u00e7\u0131s\u0131ndan T\u00fcrkiye genelinde ilk 10\u2019da yer ald\u0131. \u00dcN\u0130AR, bu y\u0131l duyurdu\u011fu &#8220;Pop\u00fcler Programlar\u0131n Mezun Memnuniyeti&#8221; adl\u0131 \u00e7al\u0131\u015fmas\u0131n\u0131, lisans programlar\u0131ndan mezun \u00f6\u011frencilerden \u00e7evrim i\u00e7i anketle toplad\u0131\u011f\u0131 verilerle olu\u015fturdu. Ankette &#8220;Aidiyet duygusu&#8221;, &#8220;Lisans e\u011fitiminin&#8230;<\/p>\n","protected":false},"author":1,"featured_media":45581,"comment_status":"open","ping_status":"open","sticky":false,"template":"","format":"standard","meta":{"_crdt_document":"","footnotes":""},"categories":[1],"tags":[],"class_list":["post-45580","post","type-post","status-publish","format-standard","has-post-thumbnail","hentry","category-guncel"],"_links":{"self":[{"href":"https:\/\/www.egemtv.com\/index.php?rest_route=\/wp\/v2\/posts\/45580","targetHints":{"allow":["GET"]}}],"collection":[{"href":"https:\/\/www.egemtv.com\/index.php?rest_route=\/wp\/v2\/posts"}],"about":[{"href":"https:\/\/www.egemtv.com\/index.php?rest_route=\/wp\/v2\/types\/post"}],"author":[{"embeddable":true,"href":"https:\/\/www.egemtv.com\/index.php?rest_route=\/wp\/v2\/users\/1"}],"replies":[{"embeddable":true,"href":"https:\/\/www.egemtv.com\/index.php?rest_route=%2Fwp%2Fv2%2Fcomments&post=45580"}],"version-history":[{"count":1,"href":"https:\/\/www.egemtv.com\/index.php?rest_route=\/wp\/v2\/posts\/45580\/revisions"}],"predecessor-version":[{"id":45582,"href":"https:\/\/www.egemtv.com\/index.php?rest_route=\/wp\/v2\/posts\/45580\/revisions\/45582"}],"wp:featuredmedia":[{"embeddable":true,"href":"https:\/\/www.egemtv.com\/index.php?rest_route=\/wp\/v2\/media\/45581"}],"wp:attachment":[{"href":"https:\/\/www.egemtv.com\/index.php?rest_route=%2Fwp%2Fv2%2Fmedia&parent=45580"}],"wp:term":[{"taxonomy":"category","embeddable":true,"href":"https:\/\/www.egemtv.com\/index.php?rest_route=%2Fwp%2Fv2%2Fcategories&post=45580"},{"taxonomy":"post_tag","embeddable":true,"href":"https:\/\/www.egemtv.com\/index.php?rest_route=%2Fwp%2Fv2%2Ftags&post=45580"}],"curies":[{"name":"wp","href":"https:\/\/api.w.org\/{rel}","templated":true}]}}