{"id":45577,"date":"2025-07-30T11:14:46","date_gmt":"2025-07-30T08:14:46","guid":{"rendered":"https:\/\/www.egemtv.com\/?p=45577"},"modified":"2025-07-30T11:14:46","modified_gmt":"2025-07-30T08:14:46","slug":"jandarmanin-suphesi-hakli-cikti","status":"publish","type":"post","link":"https:\/\/www.egemtv.com\/?p=45577","title":{"rendered":"Jandarman\u0131n \u015f\u00fcphesi hakl\u0131 \u00e7\u0131kt\u0131"},"content":{"rendered":"<p>Ayd\u0131n-\u0130zmir Otoyolu Germencik gi\u015felerinde jandarma ekiplerince \u015f\u00fcphelenilerek durdurulan ara\u00e7tan uyu\u015fturucu madde ele ge\u00e7irildi, 4 \u015f\u00fcpheli g\u00f6zalt\u0131na al\u0131nd\u0131.<br \/>\n<br \/>H\u0131d\u0131rbeyli Otoyol Jandarma Karakol Komutanl\u0131\u011f\u0131 ekiplerince Germencik il\u00e7esi \u0130zmir-Ayd\u0131n Otoyolu Germencik gi\u015felerinde yol kontrol\u00fc ger\u00e7ekle\u015ftirildi. Edinilen bilgiye g\u00f6re yol \u00e7al\u0131\u015fmas\u0131 kapsam\u0131nda ekipler, durdurulan bir ara\u00e7ta bulunan 4 \u015fahs\u0131n hal ve hareketlerinden \u015f\u00fcphelendi. Yap\u0131lan aramada ara\u00e7 i\u00e7erisinde g\u00f6zle g\u00f6r\u00fcnebilecek bir yerde 14 adet sentetik hap, 1 adet \u00f6\u011f\u00fct\u00fcc\u00fc ve i\u00e7erisinde bir miktar esrar, 1 adet uyu\u015fturucu sarma ka\u011f\u0131d\u0131, 1 adet b\u0131\u00e7ak ele ge\u00e7irildi. Ara\u00e7ta bulunan K.K., O.A.Y., S.G. ve E.N.D. isimli \u015f\u00fcpheliler yakalanarak g\u00f6zalt\u0131na al\u0131n\u0131rken, haklar\u0131nda ba\u015flat\u0131lan adli s\u00fcre\u00e7 devam ediyor.<br \/><\/p>\n","protected":false},"excerpt":{"rendered":"<p>Ayd\u0131n-\u0130zmir Otoyolu Germencik gi\u015felerinde jandarma ekiplerince \u015f\u00fcphelenilerek durdurulan ara\u00e7tan uyu\u015fturucu madde ele ge\u00e7irildi, 4 \u015f\u00fcpheli g\u00f6zalt\u0131na al\u0131nd\u0131. H\u0131d\u0131rbeyli Otoyol Jandarma Karakol Komutanl\u0131\u011f\u0131 ekiplerince Germencik il\u00e7esi \u0130zmir-Ayd\u0131n Otoyolu Germencik gi\u015felerinde yol kontrol\u00fc ger\u00e7ekle\u015ftirildi. Edinilen bilgiye g\u00f6re yol \u00e7al\u0131\u015fmas\u0131 kapsam\u0131nda ekipler, durdurulan bir ara\u00e7ta bulunan 4 \u015fahs\u0131n hal ve hareketlerinden \u015f\u00fcphelendi. Yap\u0131lan aramada ara\u00e7 i\u00e7erisinde g\u00f6zle g\u00f6r\u00fcnebilecek&#8230;<\/p>\n","protected":false},"author":1,"featured_media":45578,"comment_status":"open","ping_status":"open","sticky":false,"template":"","format":"standard","meta":{"_crdt_document":"","footnotes":""},"categories":[5],"tags":[],"class_list":["post-45577","post","type-post","status-publish","format-standard","has-post-thumbnail","hentry","category-asayis"],"_links":{"self":[{"href":"https:\/\/www.egemtv.com\/index.php?rest_route=\/wp\/v2\/posts\/45577","targetHints":{"allow":["GET"]}}],"collection":[{"href":"https:\/\/www.egemtv.com\/index.php?rest_route=\/wp\/v2\/posts"}],"about":[{"href":"https:\/\/www.egemtv.com\/index.php?rest_route=\/wp\/v2\/types\/post"}],"author":[{"embeddable":true,"href":"https:\/\/www.egemtv.com\/index.php?rest_route=\/wp\/v2\/users\/1"}],"replies":[{"embeddable":true,"href":"https:\/\/www.egemtv.com\/index.php?rest_route=%2Fwp%2Fv2%2Fcomments&post=45577"}],"version-history":[{"count":1,"href":"https:\/\/www.egemtv.com\/index.php?rest_route=\/wp\/v2\/posts\/45577\/revisions"}],"predecessor-version":[{"id":45579,"href":"https:\/\/www.egemtv.com\/index.php?rest_route=\/wp\/v2\/posts\/45577\/revisions\/45579"}],"wp:featuredmedia":[{"embeddable":true,"href":"https:\/\/www.egemtv.com\/index.php?rest_route=\/wp\/v2\/media\/45578"}],"wp:attachment":[{"href":"https:\/\/www.egemtv.com\/index.php?rest_route=%2Fwp%2Fv2%2Fmedia&parent=45577"}],"wp:term":[{"taxonomy":"category","embeddable":true,"href":"https:\/\/www.egemtv.com\/index.php?rest_route=%2Fwp%2Fv2%2Fcategories&post=45577"},{"taxonomy":"post_tag","embeddable":true,"href":"https:\/\/www.egemtv.com\/index.php?rest_route=%2Fwp%2Fv2%2Ftags&post=45577"}],"curies":[{"name":"wp","href":"https:\/\/api.w.org\/{rel}","templated":true}]}}