{"id":45574,"date":"2025-07-30T10:35:34","date_gmt":"2025-07-30T07:35:34","guid":{"rendered":"https:\/\/www.egemtv.com\/?p=45574"},"modified":"2025-07-30T10:35:35","modified_gmt":"2025-07-30T07:35:35","slug":"mugla-otobus-terminalinde-sahipsiz-midyelere-el-konuldu","status":"publish","type":"post","link":"https:\/\/www.egemtv.com\/?p=45574","title":{"rendered":"Mu\u011fla otob\u00fcs terminalinde sahipsiz midyelere el konuldu"},"content":{"rendered":"<p>Mu\u011fla B\u00fcy\u00fck\u015fehir Belediyesi Zab\u0131ta Daire Ba\u015fkanl\u0131\u011f\u0131 ekipleri, Mu\u011fla \u015eehirleraras\u0131 Otob\u00fcs Terminali\u2019nde ger\u00e7ekle\u015ftirdikleri denetim s\u0131ras\u0131nda peron alan\u0131na b\u0131rak\u0131lm\u0131\u015f ve sahipsiz oldu\u011fu tespit edilen 5 koli midyeye el koydu.<\/p>\n<p>G\u0131da g\u00fcvenli\u011fi ve halk sa\u011fl\u0131\u011f\u0131 a\u00e7\u0131s\u0131ndan risk olu\u015fturabilecek durumlara kar\u015f\u0131 titizlikle hareket eden zab\u0131ta ekipleri, koli i\u00e7erisindeki midyelerin sahibinin belirlenememesi \u00fczerine durumu Mente\u015fe \u0130l\u00e7e Tar\u0131m ve Orman M\u00fcd\u00fcrl\u00fc\u011f\u00fc\u2019ne bildirdi. Olay yerine gelen Tar\u0131m ve Orman M\u00fcd\u00fcrl\u00fc\u011f\u00fc ekipleri taraf\u0131ndan yap\u0131lan incelemenin ard\u0131ndan, s\u00f6z konusu \u00fcr\u00fcnler 5996 say\u0131l\u0131 Veteriner Hizmetleri, Bitki Sa\u011fl\u0131\u011f\u0131, G\u0131da ve Yem Kanunu kapsam\u0131nda uygun olmayan \u015fartlarda ta\u015f\u0131nd\u0131\u011f\u0131 ve kayna\u011f\u0131 belirsiz oldu\u011fu gerek\u00e7esiyle imha edildi.<br \/><\/p>\n","protected":false},"excerpt":{"rendered":"<p>Mu\u011fla B\u00fcy\u00fck\u015fehir Belediyesi Zab\u0131ta Daire Ba\u015fkanl\u0131\u011f\u0131 ekipleri, Mu\u011fla \u015eehirleraras\u0131 Otob\u00fcs Terminali\u2019nde ger\u00e7ekle\u015ftirdikleri denetim s\u0131ras\u0131nda peron alan\u0131na b\u0131rak\u0131lm\u0131\u015f ve sahipsiz oldu\u011fu tespit edilen 5 koli midyeye el koydu. G\u0131da g\u00fcvenli\u011fi ve halk sa\u011fl\u0131\u011f\u0131 a\u00e7\u0131s\u0131ndan risk olu\u015fturabilecek durumlara kar\u015f\u0131 titizlikle hareket eden zab\u0131ta ekipleri, koli i\u00e7erisindeki midyelerin sahibinin belirlenememesi \u00fczerine durumu Mente\u015fe \u0130l\u00e7e Tar\u0131m ve Orman M\u00fcd\u00fcrl\u00fc\u011f\u00fc\u2019ne&#8230;<\/p>\n","protected":false},"author":1,"featured_media":45575,"comment_status":"open","ping_status":"open","sticky":false,"template":"","format":"standard","meta":{"_crdt_document":"","footnotes":""},"categories":[1],"tags":[],"class_list":["post-45574","post","type-post","status-publish","format-standard","has-post-thumbnail","hentry","category-guncel"],"_links":{"self":[{"href":"https:\/\/www.egemtv.com\/index.php?rest_route=\/wp\/v2\/posts\/45574","targetHints":{"allow":["GET"]}}],"collection":[{"href":"https:\/\/www.egemtv.com\/index.php?rest_route=\/wp\/v2\/posts"}],"about":[{"href":"https:\/\/www.egemtv.com\/index.php?rest_route=\/wp\/v2\/types\/post"}],"author":[{"embeddable":true,"href":"https:\/\/www.egemtv.com\/index.php?rest_route=\/wp\/v2\/users\/1"}],"replies":[{"embeddable":true,"href":"https:\/\/www.egemtv.com\/index.php?rest_route=%2Fwp%2Fv2%2Fcomments&post=45574"}],"version-history":[{"count":1,"href":"https:\/\/www.egemtv.com\/index.php?rest_route=\/wp\/v2\/posts\/45574\/revisions"}],"predecessor-version":[{"id":45576,"href":"https:\/\/www.egemtv.com\/index.php?rest_route=\/wp\/v2\/posts\/45574\/revisions\/45576"}],"wp:featuredmedia":[{"embeddable":true,"href":"https:\/\/www.egemtv.com\/index.php?rest_route=\/wp\/v2\/media\/45575"}],"wp:attachment":[{"href":"https:\/\/www.egemtv.com\/index.php?rest_route=%2Fwp%2Fv2%2Fmedia&parent=45574"}],"wp:term":[{"taxonomy":"category","embeddable":true,"href":"https:\/\/www.egemtv.com\/index.php?rest_route=%2Fwp%2Fv2%2Fcategories&post=45574"},{"taxonomy":"post_tag","embeddable":true,"href":"https:\/\/www.egemtv.com\/index.php?rest_route=%2Fwp%2Fv2%2Ftags&post=45574"}],"curies":[{"name":"wp","href":"https:\/\/api.w.org\/{rel}","templated":true}]}}