{"id":45571,"date":"2025-07-30T10:35:33","date_gmt":"2025-07-30T07:35:33","guid":{"rendered":"https:\/\/www.egemtv.com\/?p=45571"},"modified":"2025-07-30T10:35:34","modified_gmt":"2025-07-30T07:35:34","slug":"cesmede-kiyiya-vuran-orkinosu-sandalye-ile-tutmaya-calistilar","status":"publish","type":"post","link":"https:\/\/www.egemtv.com\/?p=45571","title":{"rendered":"\u00c7e\u015fme\u2019de k\u0131y\u0131ya vuran orkinosu sandalye ile tutmaya \u00e7al\u0131\u015ft\u0131lar"},"content":{"rendered":"<p>\u0130zmir\u2019in g\u00f6zde tatil beldelerinde \u00c7e\u015fme\u2019de k\u0131y\u0131ya vuran \u00f6l\u00fc ya da yaral\u0131 orkinos vakalar\u0131 panik olu\u015fturdu. Son olarak ge\u00e7ti\u011fimiz g\u00fcn k\u0131y\u0131ya vuran bir orkinosu sandalye ile karaya \u00e7\u0131karmaya \u00e7al\u0131\u015fan vatanda\u015flar sosyal medyada b\u00fcy\u00fck tepki \u00e7ekti.<br \/>\n<br \/>\u00c7e\u015fme il\u00e7esinde son g\u00fcnlerde k\u0131y\u0131ya vuran orkinos bal\u0131klar\u0131n\u0131n say\u0131s\u0131nda art\u0131\u015f ya\u015fanmas\u0131 \u00fczerine yetkililer harekete ge\u00e7ti. \u0130l\u00e7enin farkl\u0131 koylar\u0131nda benzer vakalar\u0131n g\u00f6r\u00fclmesi \u00fczerine, \u0130zmir \u0130l Tar\u0131m ve Orman M\u00fcd\u00fcrl\u00fc\u011f\u00fc taraf\u0131ndan konuya ili\u015fkin inceleme ba\u015flat\u0131ld\u0131. \u00c7e\u015fme \u0130l\u00e7e Tar\u0131m ve Orman M\u00fcd\u00fcrl\u00fc\u011f\u00fc ile \u00c7e\u015fme Sahil G\u00fcvenlik Komutanl\u0131\u011f\u0131 ekipleri, olay\u0131n nedenlerini ara\u015ft\u0131rmak \u00fczere b\u00f6lgede \u00e7al\u0131\u015fma y\u00fcr\u00fct\u00fcyor. \u00d6te yandan, k\u0131y\u0131ya vuran bir orkinos bal\u0131\u011f\u0131 cep telefonu kameras\u0131na saniye saniye yans\u0131d\u0131. G\u00f6r\u00fcnt\u00fclerde, vatanda\u015flar\u0131n k\u0131y\u0131ya vuran bal\u0131\u011f\u0131 sandalye yard\u0131m\u0131yla karaya \u00e7\u0131karmaya \u00e7al\u0131\u015ft\u0131\u011f\u0131 g\u00f6r\u00fcl\u00fcyor. Orkinos, vatanda\u015flar\u0131n t\u00fcm tutma \u00e7abas\u0131na ra\u011fmen \u00e7\u0131rp\u0131narak yeniden denize d\u00f6nd\u00fc.<br \/><\/p>\n","protected":false},"excerpt":{"rendered":"<p>\u0130zmir\u2019in g\u00f6zde tatil beldelerinde \u00c7e\u015fme\u2019de k\u0131y\u0131ya vuran \u00f6l\u00fc ya da yaral\u0131 orkinos vakalar\u0131 panik olu\u015fturdu. Son olarak ge\u00e7ti\u011fimiz g\u00fcn k\u0131y\u0131ya vuran bir orkinosu sandalye ile karaya \u00e7\u0131karmaya \u00e7al\u0131\u015fan vatanda\u015flar sosyal medyada b\u00fcy\u00fck tepki \u00e7ekti. \u00c7e\u015fme il\u00e7esinde son g\u00fcnlerde k\u0131y\u0131ya vuran orkinos bal\u0131klar\u0131n\u0131n say\u0131s\u0131nda art\u0131\u015f ya\u015fanmas\u0131 \u00fczerine yetkililer harekete ge\u00e7ti. \u0130l\u00e7enin farkl\u0131 koylar\u0131nda benzer vakalar\u0131n g\u00f6r\u00fclmesi&#8230;<\/p>\n","protected":false},"author":1,"featured_media":45572,"comment_status":"open","ping_status":"open","sticky":false,"template":"","format":"standard","meta":{"_crdt_document":"","footnotes":""},"categories":[1],"tags":[],"class_list":["post-45571","post","type-post","status-publish","format-standard","has-post-thumbnail","hentry","category-guncel"],"_links":{"self":[{"href":"https:\/\/www.egemtv.com\/index.php?rest_route=\/wp\/v2\/posts\/45571","targetHints":{"allow":["GET"]}}],"collection":[{"href":"https:\/\/www.egemtv.com\/index.php?rest_route=\/wp\/v2\/posts"}],"about":[{"href":"https:\/\/www.egemtv.com\/index.php?rest_route=\/wp\/v2\/types\/post"}],"author":[{"embeddable":true,"href":"https:\/\/www.egemtv.com\/index.php?rest_route=\/wp\/v2\/users\/1"}],"replies":[{"embeddable":true,"href":"https:\/\/www.egemtv.com\/index.php?rest_route=%2Fwp%2Fv2%2Fcomments&post=45571"}],"version-history":[{"count":1,"href":"https:\/\/www.egemtv.com\/index.php?rest_route=\/wp\/v2\/posts\/45571\/revisions"}],"predecessor-version":[{"id":45573,"href":"https:\/\/www.egemtv.com\/index.php?rest_route=\/wp\/v2\/posts\/45571\/revisions\/45573"}],"wp:featuredmedia":[{"embeddable":true,"href":"https:\/\/www.egemtv.com\/index.php?rest_route=\/wp\/v2\/media\/45572"}],"wp:attachment":[{"href":"https:\/\/www.egemtv.com\/index.php?rest_route=%2Fwp%2Fv2%2Fmedia&parent=45571"}],"wp:term":[{"taxonomy":"category","embeddable":true,"href":"https:\/\/www.egemtv.com\/index.php?rest_route=%2Fwp%2Fv2%2Fcategories&post=45571"},{"taxonomy":"post_tag","embeddable":true,"href":"https:\/\/www.egemtv.com\/index.php?rest_route=%2Fwp%2Fv2%2Ftags&post=45571"}],"curies":[{"name":"wp","href":"https:\/\/api.w.org\/{rel}","templated":true}]}}