{"id":45568,"date":"2025-07-30T10:35:32","date_gmt":"2025-07-30T07:35:32","guid":{"rendered":"https:\/\/www.egemtv.com\/?p=45568"},"modified":"2025-07-30T10:35:33","modified_gmt":"2025-07-30T07:35:33","slug":"tilkiyle-goz-goze-geldi-konusarak-ugurladi","status":"publish","type":"post","link":"https:\/\/www.egemtv.com\/?p=45568","title":{"rendered":"Tilkiyle g\u00f6z g\u00f6ze geldi konu\u015farak u\u011furlad\u0131"},"content":{"rendered":"<p>Manisa\u2019n\u0131n Sar\u0131g\u00f6l il\u00e7esine ba\u011fl\u0131 Dada\u011fl\u0131 Mahallesi\u2019ndeki \u00fcz\u00fcm ba\u011f\u0131nda otlar\u0131 bi\u00e7erken tilkiyle kar\u015f\u0131la\u015fan \u0130lyas Tosun isimli vatanda\u015f sakinli\u011fini koruyarak tilkiyle konu\u015fmaya ba\u015flad\u0131. \u00dcrkek yap\u0131s\u0131yla bilinen tilkiyle konu\u015fmaya \u00e7al\u0131\u015fan Tosun o anlar\u0131 telefonuyla kay\u0131t alt\u0131na al\u0131rken, ya\u015fad\u0131klar\u0131n\u0131 da \u0130hlas Haber Ajans\u0131 muhabirine anlatt\u0131.<br \/>\n<br \/>Dada\u011fl\u0131 Mahallesi\u2019ndeki \u00fcz\u00fcm ba\u011f\u0131nda b\u00fcy\u00fcyen otlar\u0131 bi\u00e7mek i\u00e7in ba\u011f\u0131na giden \u0130lyas Tosun, \u00e7al\u0131\u015ft\u0131\u011f\u0131 s\u0131rada  aniden kar\u015f\u0131s\u0131na \u00e7\u0131kan tikiyle g\u00f6z g\u00f6ze geldi. Yabani ve \u00fcrkek yap\u0131s\u0131yla bilinen tikelere ba\u011flarda nadiren rastland\u0131\u011f\u0131n\u0131 belirten Tosun, &#8220;Bug\u00fcn sabah araziye ba\u011f\u0131mdaki otlar\u0131 bi\u00e7meye gittim. Otlar\u0131 bi\u00e7meye ba\u015flad\u0131m yar\u0131m saat sonra bir tilki yan\u0131mdan ge\u00e7ti gitti. Bir 10 dakika sonra tekrar b\u00f6yle y\u00fcr\u00fcyerek yan\u0131ma geldi. Baya\u011f\u0131 sevimli bir hayvand\u0131. Tilki\u2019ye \u2019ho\u015f geldin, tilki yan\u0131ma gelir misin? Peynir vereyim, tavuk vereyim\u2019 diye konu\u015fmaya ba\u015flad\u0131m yan\u0131ma biraz daha yakla\u015fs\u0131n diye. Yine de 2-3 metre yakla\u015ft\u0131 yan\u0131ma. Derken tilki bir kez daha gitti. Aradan bir kere daha geldi. Bir daha gitti. Bir daha geldi. B\u00f6yle bir tilkiyle ba\u011fda bir mazimiz oldu&#8221; dedi.<br \/>\n<br \/>Tikiyle kar\u015f\u0131la\u015ft\u0131ktan sonra \u015fa\u015f\u0131rd\u0131\u011f\u0131n\u0131 belirten Tosun, hayvanlar\u0131n do\u011fal ya\u015fam alanlar\u0131nda huzur i\u00e7inde ya\u015famas\u0131 gerekti\u011fini vurgulad\u0131.<br \/>\n<br \/>Dada\u011fl\u0131 Mahallesi sakinleri de zaman zaman ba\u011flarda yaban hayvanlar\u0131na rastlad\u0131klar\u0131n\u0131 belirterek, do\u011faya zarar verilmemesi \u00e7a\u011fr\u0131s\u0131nda bulundu.<br \/>\n<br \/>Tosun\u2019un kar\u015f\u0131la\u015ft\u0131\u011f\u0131 tilki, herhangi bir sald\u0131rganl\u0131k g\u00f6stermeden \u00fcz\u00fcm ba\u011f\u0131n\u0131n i\u00e7inden uzakla\u015farak g\u00f6zden kayboldu.<br \/><\/p>\n","protected":false},"excerpt":{"rendered":"<p>Manisa\u2019n\u0131n Sar\u0131g\u00f6l il\u00e7esine ba\u011fl\u0131 Dada\u011fl\u0131 Mahallesi\u2019ndeki \u00fcz\u00fcm ba\u011f\u0131nda otlar\u0131 bi\u00e7erken tilkiyle kar\u015f\u0131la\u015fan \u0130lyas Tosun isimli vatanda\u015f sakinli\u011fini koruyarak tilkiyle konu\u015fmaya ba\u015flad\u0131. \u00dcrkek yap\u0131s\u0131yla bilinen tilkiyle konu\u015fmaya \u00e7al\u0131\u015fan Tosun o anlar\u0131 telefonuyla kay\u0131t alt\u0131na al\u0131rken, ya\u015fad\u0131klar\u0131n\u0131 da \u0130hlas Haber Ajans\u0131 muhabirine anlatt\u0131. Dada\u011fl\u0131 Mahallesi\u2019ndeki \u00fcz\u00fcm ba\u011f\u0131nda b\u00fcy\u00fcyen otlar\u0131 bi\u00e7mek i\u00e7in ba\u011f\u0131na giden \u0130lyas Tosun, \u00e7al\u0131\u015ft\u0131\u011f\u0131 s\u0131rada&#8230;<\/p>\n","protected":false},"author":1,"featured_media":45569,"comment_status":"open","ping_status":"open","sticky":false,"template":"","format":"standard","meta":{"_crdt_document":"","footnotes":""},"categories":[1],"tags":[],"class_list":["post-45568","post","type-post","status-publish","format-standard","has-post-thumbnail","hentry","category-guncel"],"_links":{"self":[{"href":"https:\/\/www.egemtv.com\/index.php?rest_route=\/wp\/v2\/posts\/45568","targetHints":{"allow":["GET"]}}],"collection":[{"href":"https:\/\/www.egemtv.com\/index.php?rest_route=\/wp\/v2\/posts"}],"about":[{"href":"https:\/\/www.egemtv.com\/index.php?rest_route=\/wp\/v2\/types\/post"}],"author":[{"embeddable":true,"href":"https:\/\/www.egemtv.com\/index.php?rest_route=\/wp\/v2\/users\/1"}],"replies":[{"embeddable":true,"href":"https:\/\/www.egemtv.com\/index.php?rest_route=%2Fwp%2Fv2%2Fcomments&post=45568"}],"version-history":[{"count":1,"href":"https:\/\/www.egemtv.com\/index.php?rest_route=\/wp\/v2\/posts\/45568\/revisions"}],"predecessor-version":[{"id":45570,"href":"https:\/\/www.egemtv.com\/index.php?rest_route=\/wp\/v2\/posts\/45568\/revisions\/45570"}],"wp:featuredmedia":[{"embeddable":true,"href":"https:\/\/www.egemtv.com\/index.php?rest_route=\/wp\/v2\/media\/45569"}],"wp:attachment":[{"href":"https:\/\/www.egemtv.com\/index.php?rest_route=%2Fwp%2Fv2%2Fmedia&parent=45568"}],"wp:term":[{"taxonomy":"category","embeddable":true,"href":"https:\/\/www.egemtv.com\/index.php?rest_route=%2Fwp%2Fv2%2Fcategories&post=45568"},{"taxonomy":"post_tag","embeddable":true,"href":"https:\/\/www.egemtv.com\/index.php?rest_route=%2Fwp%2Fv2%2Ftags&post=45568"}],"curies":[{"name":"wp","href":"https:\/\/api.w.org\/{rel}","templated":true}]}}